{"id":1777,"date":"2018-09-04T10:28:59","date_gmt":"2018-09-04T13:28:59","guid":{"rendered":"http:\/\/www.cofarco.com.ar\/?p=1777"},"modified":"2018-09-04T10:28:59","modified_gmt":"2018-09-04T13:28:59","slug":"en-rosario-se-realizaran-las-jornadas-federales-de-buenas-practicas-de-elaboracion","status":"publish","type":"post","link":"https:\/\/cofarco.com.ar\/ar\/2018\/09\/04\/en-rosario-se-realizaran-las-jornadas-federales-de-buenas-practicas-de-elaboracion\/","title":{"rendered":"En Rosario se realizar\u00e1n las Jornadas Federales de Buenas Pr\u00e1cticas de Elaboraci\u00f3n"},"content":{"rendered":"<p style=\"font-weight: 400;\">El Colegio de Farmac\u00e9uticos de la Provincia de C\u00f3rdoba, junto al Colegio de Farmac\u00e9uticos de la Provincia de Santa Fe 2\u00aa Circunscripci\u00f3n, organizan las 5\u00aa Jornadas Farmac\u00e9uticas Federales sobre Buenas Pr\u00e1cticas en la Elaboraci\u00f3n y Dispensaci\u00f3n de F\u00f3rmulas Magistrales, las cuales se llevar\u00e1n a cabo los d\u00edas 15 y 16 de Setiembre del corriente a\u00f1o en la Subsede del Colegio de Farmac\u00e9uticos de la Provincia de Santa Fe, 2da. Circunscripci\u00f3n, calle Pte. Roca 549, Rosario.<\/p>\n<p style=\"font-weight: 400;\">\u00a0Con el objetivo de compatibilizar y armonizar los criterios y procedimientos empleados para desarrollar las Buenas Pr\u00e1cticas de Elaboraci\u00f3n y Dispensaci\u00f3n (BPED) de Preparaciones Oficinales a nivel nacional, el \u00c1rea de Capacitaci\u00f3n y Responsabilidad Social del Colegio de Farmac\u00e9uticos de C\u00f3rdoba , tuvo como iniciativa conformar esta comisi\u00f3n, teniendo en cuenta que el car\u00e1cter federal de la misma tiene como fundamento que dicha armonizaci\u00f3n debe realizarse de com\u00fan acuerdo con los representantes de cada provincia, respetando los postulados \u00e9ticos de la pr\u00e1ctica profesional farmac\u00e9utica.<\/p>\n<p style=\"font-weight: 400;\">Por tal motivo,\u00a0\u00a0invitan a participar de estas Jornadas y solicitan a los interesados en participar env\u00eden nota de confirmaci\u00f3n de sus representantes en car\u00e1cter oficial de titular y suplente. Como \u00fanico requisito para poder formar parte de esta Comisi\u00f3n Federal, es ser formulistas, con actividad acreditada en Preparaciones Oficinales (sea su \u00e1mbito de trabajo la farmacia comunitaria u hospitalaria). De esta manera, mediante los aportes brindados por cada uno de los miembros de la comisi\u00f3n podremos avanzar hacia objetivos comunes que permitan consensuar normas y criterios para la implementaci\u00f3n de las Buenas Pr\u00e1cticas de Elaboraci\u00f3n y Dispensaci\u00f3n.<\/p>\n<p style=\"font-weight: 400;\"><strong>Se deber\u00e1 confirmar asistencia\u00a0\u00a0antes del 8 de setiembre, indicando el nombre, mail y tel\u00e9fono de los profesionales que asistir\u00e1n (titular y suplente) al mail:\u00a0<a href=\"mailto:formacion@gmail.com\">formacion@gmail.com<\/a><\/strong><\/p>\n<p style=\"font-weight: 400;\">\u00a0Se adjunta el programa.<\/p>\n<p style=\"font-weight: 400; text-align: center;\"><a href=\"https:\/\/cofarco.com.ar\/ar\/wp-content\/uploads\/2018\/09\/programa_5jornadas-federales-_bp2.pdf\">programa_5jornadas-federales-_bp2<\/a><\/p>\n","protected":false},"excerpt":{"rendered":"<p>El Colegio de Farmac\u00e9uticos de la Provincia de C\u00f3rdoba, junto al Colegio de Farmac\u00e9uticos de la Provincia de Santa Fe 2\u00aa Circunscripci\u00f3n, organizan las 5\u00aa Jornadas Farmac\u00e9uticas Federales sobre Buenas Pr\u00e1cticas en la Elaboraci\u00f3n y Dispensaci\u00f3n de F\u00f3rmulas Magistrales, las cuales se llevar\u00e1n a cabo los d\u00edas 15 y 16 de Setiembre del corriente a\u00f1o [&#8230;]\n","protected":false},"author":2,"featured_media":0,"comment_status":"open","ping_status":"open","sticky":false,"template":"","format":"standard","meta":{"footnotes":""},"categories":[71],"tags":[],"class_list":["post-1777","post","type-post","status-publish","format-standard","hentry","category-noticias"],"_links":{"self":[{"href":"https:\/\/cofarco.com.ar\/ar\/wp-json\/wp\/v2\/posts\/1777","targetHints":{"allow":["GET"]}}],"collection":[{"href":"https:\/\/cofarco.com.ar\/ar\/wp-json\/wp\/v2\/posts"}],"about":[{"href":"https:\/\/cofarco.com.ar\/ar\/wp-json\/wp\/v2\/types\/post"}],"author":[{"embeddable":true,"href":"https:\/\/cofarco.com.ar\/ar\/wp-json\/wp\/v2\/users\/2"}],"replies":[{"embeddable":true,"href":"https:\/\/cofarco.com.ar\/ar\/wp-json\/wp\/v2\/comments?post=1777"}],"version-history":[{"count":0,"href":"https:\/\/cofarco.com.ar\/ar\/wp-json\/wp\/v2\/posts\/1777\/revisions"}],"wp:attachment":[{"href":"https:\/\/cofarco.com.ar\/ar\/wp-json\/wp\/v2\/media?parent=1777"}],"wp:term":[{"taxonomy":"category","embeddable":true,"href":"https:\/\/cofarco.com.ar\/ar\/wp-json\/wp\/v2\/categories?post=1777"},{"taxonomy":"post_tag","embeddable":true,"href":"https:\/\/cofarco.com.ar\/ar\/wp-json\/wp\/v2\/tags?post=1777"}],"curies":[{"name":"wp","href":"https:\/\/api.w.org\/{rel}","templated":true}]}}