{"id":17820,"date":"2024-10-31T20:01:43","date_gmt":"2024-10-31T23:01:43","guid":{"rendered":"https:\/\/cofarco.com.ar\/ar\/?p=17820"},"modified":"2024-10-31T20:01:43","modified_gmt":"2024-10-31T23:01:43","slug":"importante-convenio-pami-cambio-de-validador-central-a-partir-del-1o-de-noviembre-de-2-024","status":"publish","type":"post","link":"https:\/\/cofarco.com.ar\/ar\/2024\/10\/31\/importante-convenio-pami-cambio-de-validador-central-a-partir-del-1o-de-noviembre-de-2-024\/","title":{"rendered":"IMPORTANTE: Convenio PAMI &#8211; Cambio de validador central a partir del 1\u00ba de noviembre de 2.024"},"content":{"rendered":"<p>Buenos d\u00edas, adjuntamos comunicado de nuestra Confederaci\u00f3n (COFA) acerca del cambio que se operar\u00e1 a partir de la cero hora del d\u00eda 1\u00ba de noviembre en el sistema de validaci\u00f3n central del Convenio PAMI<br \/>\nMedicamentos, que pasar\u00e1 de su actual operador FarmaPAMI a su nuevo operador IMED.<br \/>\nEsta modificaci\u00f3n no deber\u00e1 representar para las farmacias ning\u00fan cambio en su habitual tarea de validaci\u00f3n de recetas, a trav\u00e9s de sus sistemas de gesti\u00f3n y validaci\u00f3n habituales, ya que se trata de una transformaci\u00f3n que se da a nivel del transporte de informaci\u00f3n.<br \/>\nM\u00e1s all\u00e1 de la operaci\u00f3n de validaci\u00f3n que no deber\u00eda sufrir ning\u00fan cambio, que ha sido el objetivo prioritario en este proceso, la farmacia podr\u00e1 encontrarse con algunas diferencias que hacen a otras tareas<br \/>\nulteriores que se explican en el comunicado.<\/p>\n<p>Saludos cordiales<br \/>\nLic. Claudio Alvarez Ter\u00e1n<br \/>\nCoordinador General de Comunicaciones<br \/>\nCONFEDERACI\u00d3N FARMACE\u00daTICA ARGENTINA (COFA).<\/p>\n\n<div class=\"gde-error\">GDE Error: Error al recuperar el fichero. Si es necesario, desactiva la comprobaci\u00f3n de errores (404:Not Found)<\/div>\n\n","protected":false},"excerpt":{"rendered":"<p>Buenos d\u00edas, adjuntamos comunicado de nuestra Confederaci\u00f3n (COFA) acerca del cambio que se operar\u00e1 a partir de la cero hora del d\u00eda 1\u00ba de noviembre en el sistema de validaci\u00f3n central del Convenio PAMI Medicamentos, que pasar\u00e1 de su actual operador FarmaPAMI a su nuevo operador IMED. Esta modificaci\u00f3n no deber\u00e1 representar para las farmacias [&#8230;]\n","protected":false},"author":2,"featured_media":0,"comment_status":"closed","ping_status":"closed","sticky":false,"template":"","format":"standard","meta":{"footnotes":""},"categories":[71],"tags":[],"class_list":["post-17820","post","type-post","status-publish","format-standard","hentry","category-noticias"],"_links":{"self":[{"href":"https:\/\/cofarco.com.ar\/ar\/wp-json\/wp\/v2\/posts\/17820","targetHints":{"allow":["GET"]}}],"collection":[{"href":"https:\/\/cofarco.com.ar\/ar\/wp-json\/wp\/v2\/posts"}],"about":[{"href":"https:\/\/cofarco.com.ar\/ar\/wp-json\/wp\/v2\/types\/post"}],"author":[{"embeddable":true,"href":"https:\/\/cofarco.com.ar\/ar\/wp-json\/wp\/v2\/users\/2"}],"replies":[{"embeddable":true,"href":"https:\/\/cofarco.com.ar\/ar\/wp-json\/wp\/v2\/comments?post=17820"}],"version-history":[{"count":1,"href":"https:\/\/cofarco.com.ar\/ar\/wp-json\/wp\/v2\/posts\/17820\/revisions"}],"predecessor-version":[{"id":17821,"href":"https:\/\/cofarco.com.ar\/ar\/wp-json\/wp\/v2\/posts\/17820\/revisions\/17821"}],"wp:attachment":[{"href":"https:\/\/cofarco.com.ar\/ar\/wp-json\/wp\/v2\/media?parent=17820"}],"wp:term":[{"taxonomy":"category","embeddable":true,"href":"https:\/\/cofarco.com.ar\/ar\/wp-json\/wp\/v2\/categories?post=17820"},{"taxonomy":"post_tag","embeddable":true,"href":"https:\/\/cofarco.com.ar\/ar\/wp-json\/wp\/v2\/tags?post=17820"}],"curies":[{"name":"wp","href":"https:\/\/api.w.org\/{rel}","templated":true}]}}