{"id":17964,"date":"2024-11-13T11:40:26","date_gmt":"2024-11-13T14:40:26","guid":{"rendered":"https:\/\/cofarco.com.ar\/ar\/?p=17964"},"modified":"2024-11-13T11:43:16","modified_gmt":"2024-11-13T14:43:16","slug":"convocatoria-asamblea-general-ordinaria-cofarco-el-dia-viernes-29-11-2-024","status":"publish","type":"post","link":"https:\/\/cofarco.com.ar\/ar\/2024\/11\/13\/convocatoria-asamblea-general-ordinaria-cofarco-el-dia-viernes-29-11-2-024\/","title":{"rendered":"CONVOCATORIA: Asamblea General Ordinaria COFARCO el d\u00eda Viernes 29\/11\/2.024"},"content":{"rendered":"<p>CONVOCATORIA \u2013 ASAMBLEA GENERAL ORDINARIA.<\/p>\n<p>De acuerdo a lo resuelto en reuni\u00f3n del d\u00eda 09 de Octubre de 2.024, el Directorio del Colegio de Farmac\u00e9uticos de la Provincia de Corrientes,<br \/>\nconvoca a los se\u00f1ores asociados a la ASAMBLEA GENERAL ORDINARIA, a realizarse en la sede de la instituci\u00f3n, sita en calle Santa Fe N\u00ba 1.186<br \/>\nde esta ciudad, el d\u00eda Viernes 29 de Noviembre de 2.024, a las veinte (20:00) horas en primera citaci\u00f3n, y en supuesto caso de no obtenerse<br \/>\nqu\u00f3rum a la hora de la primera citaci\u00f3n, se dar\u00e1 inicio una hora despu\u00e9s, es decir a las veinti\u00fan (21:00) horas en segunda convocatoria<br \/>\ncon los asociados presentes, cualquiera sea su n\u00famero (art\u00edculo 25), con el objeto de tratar el siguiente:<\/p>\n<p>ORDEN DEL DIA:<\/p>\n<p>1-\u00a0 \u00a0 \u00a0 Designaci\u00f3n de dos (2) socios para firmar el Acta en representaci\u00f3n de la Asamblea, conjuntamente con la Presidente y Secretaria.-<\/p>\n<p>2-\u00a0 \u00a0 \u00a0 Lectura, consideraci\u00f3n, tratamiento, aprobaci\u00f3n o modificaci\u00f3n de la memoria, balance general del ejercicio vencido, inventario, cuentas de<br \/>\ngastos y recursos e informe del \u00d3rgano de Fiscalizaci\u00f3n del ejercicio econ\u00f3mico N\u00b0 81 (periodo 01 de Agosto del 2.023 al 31 de Julio del<br \/>\n2.024); copia de dicha documentaci\u00f3n se hallar\u00e1 a disposici\u00f3n y consideraci\u00f3n de los asociados con diez (10) d\u00edas de antelaci\u00f3n a la<br \/>\nfecha fijada para la celebraci\u00f3n de la Asamblea para ser retirado en la sede de la Instituci\u00f3n.<\/p>\n<p>3-\u00a0 \u00a0 \u00a0 Convocatoria a elecciones con renovaci\u00f3n parcial de autoridades para ocupar los siguientes cargos: Presidente, Secretaria, Vocal Titular 1\u00b0,<br \/>\nVocal Titular 3\u00b0, Vocal Suplente 2\u00b0 y un miembro del \u00d3rgano de Fiscalizaci\u00f3n por finalizaci\u00f3n de mandatos y por el t\u00e9rmino de dos (2)<br \/>\na\u00f1os.<\/p>\n<p>Farm. Angelica Aurora FAVA\u00a0 \u00a0 \u00a0 \u00a0 \u00a0 \u00a0 \u00a0Farm. Desir\u00e9e LANCELLE MONFERRER<br \/>\nSecretaria\u00a0 \u00a0 \u00a0 \u00a0 \u00a0 \u00a0 \u00a0 \u00a0 \u00a0 \u00a0 \u00a0 \u00a0 \u00a0 \u00a0 \u00a0 \u00a0 \u00a0 \u00a0 \u00a0 \u00a0 \u00a0 \u00a0 \u00a0 \u00a0 \u00a0 \u00a0 \u00a0 \u00a0 Presidente<\/p>\n\n<div class=\"gde-error\">GDE Error: Error al recuperar el fichero. Si es necesario, desactiva la comprobaci\u00f3n de errores (404:Not Found)<\/div>\n\n","protected":false},"excerpt":{"rendered":"<p>CONVOCATORIA \u2013 ASAMBLEA GENERAL ORDINARIA. De acuerdo a lo resuelto en reuni\u00f3n del d\u00eda 09 de Octubre de 2.024, el Directorio del Colegio de Farmac\u00e9uticos de la Provincia de Corrientes, convoca a los se\u00f1ores asociados a la ASAMBLEA GENERAL ORDINARIA, a realizarse en la sede de la instituci\u00f3n, sita en calle Santa Fe N\u00ba 1.186 [&#8230;]\n","protected":false},"author":2,"featured_media":0,"comment_status":"closed","ping_status":"closed","sticky":false,"template":"","format":"standard","meta":{"footnotes":""},"categories":[71],"tags":[],"class_list":["post-17964","post","type-post","status-publish","format-standard","hentry","category-noticias"],"_links":{"self":[{"href":"https:\/\/cofarco.com.ar\/ar\/wp-json\/wp\/v2\/posts\/17964","targetHints":{"allow":["GET"]}}],"collection":[{"href":"https:\/\/cofarco.com.ar\/ar\/wp-json\/wp\/v2\/posts"}],"about":[{"href":"https:\/\/cofarco.com.ar\/ar\/wp-json\/wp\/v2\/types\/post"}],"author":[{"embeddable":true,"href":"https:\/\/cofarco.com.ar\/ar\/wp-json\/wp\/v2\/users\/2"}],"replies":[{"embeddable":true,"href":"https:\/\/cofarco.com.ar\/ar\/wp-json\/wp\/v2\/comments?post=17964"}],"version-history":[{"count":2,"href":"https:\/\/cofarco.com.ar\/ar\/wp-json\/wp\/v2\/posts\/17964\/revisions"}],"predecessor-version":[{"id":17970,"href":"https:\/\/cofarco.com.ar\/ar\/wp-json\/wp\/v2\/posts\/17964\/revisions\/17970"}],"wp:attachment":[{"href":"https:\/\/cofarco.com.ar\/ar\/wp-json\/wp\/v2\/media?parent=17964"}],"wp:term":[{"taxonomy":"category","embeddable":true,"href":"https:\/\/cofarco.com.ar\/ar\/wp-json\/wp\/v2\/categories?post=17964"},{"taxonomy":"post_tag","embeddable":true,"href":"https:\/\/cofarco.com.ar\/ar\/wp-json\/wp\/v2\/tags?post=17964"}],"curies":[{"name":"wp","href":"https:\/\/api.w.org\/{rel}","templated":true}]}}