{"id":17982,"date":"2024-11-13T14:39:17","date_gmt":"2024-11-13T17:39:17","guid":{"rendered":"https:\/\/cofarco.com.ar\/ar\/?p=17982"},"modified":"2024-11-13T14:39:17","modified_gmt":"2024-11-13T17:39:17","slug":"importante-pami-cierres-1o-de-noviembre-de-2-024-en-imed-y-en-farmapami","status":"publish","type":"post","link":"https:\/\/cofarco.com.ar\/ar\/2024\/11\/13\/importante-pami-cierres-1o-de-noviembre-de-2-024-en-imed-y-en-farmapami\/","title":{"rendered":"IMPORTANTE: PAMI &#8211; Cierres 1\u00ba de noviembre de 2.024 en IMED y en FarmaPAMI"},"content":{"rendered":"<p>PAMI &#8211; Cierre de farmacias 1\u00b0 Quincena de noviembre 2.024 (IMED y FarmaPAMI)<\/p>\n<p>* Se realizar\u00e1n, como ya se hab\u00eda anunciado, dos cierres, uno en IMED con las recetas validadas del 1\u00ba de noviembre en adelante; y uno en FarmaPAMI, en caso de que la farmacia se haya quedado con recetas<br \/>\nvalidadas hasta el 31 de octubre pasado; este \u00faltimo se llamar\u00e1 1\u00ba de Noviembre Complementaria, para diferenciarlo del general.<\/p>\n<p>* La presentaci\u00f3n de ambos cierres deber\u00e1 ser realizada POR SEPARADO por las farmacias y acondicionado y enviado POR SEPARADO (totalmente separados de la 1\u00ba de noviembre y la 1\u00ba de noviembre complementaria).<\/p>\n<p>* Para el caso del cierre de la 1\u00ba quincena de noviembre en IMED, este quedar\u00e1 habilitado para su efectiva realizaci\u00f3n el d\u00eda martes 12 de noviembre. Hasta el d\u00eda de ayer las farmacias han podido cerrar lotes<br \/>\npero no presentaci\u00f3n completa, cosa que podr\u00e1n efectuar a partir de hoy 12 de noviembre.<\/p>\n<p>* Recordamos que el d\u00eda l\u00edmite de cierre de farmacias es el pr\u00f3ximo martes 19 de noviembre, y que mediar\u00e1 entre el viernes 15 de noviembre (\u00faltimo d\u00eda de validaciones que pueden ingresar en el cierre) y la\u00a0 fecha l\u00edmite, un fin de semana largo, en el que posiblemente se puedan realizar tareas de cierre en las farmacias.<\/p>\n<p>* El PAMI nos ha informado que dentro de las pr\u00f3ximas 48 horas nos har\u00e1 llegar un Instructivo sobre el cierre de farmacias, si bien las farmacias que tienen habitualidad de trabajo en IMED observar\u00e1n que la<br \/>\nmodalidad de cierre no difiere en general de lo conocido. Para aquellas farmacias que no tienen una pr\u00e1ctica habitual en IMED, seguramente el Instructivo les ser\u00e1 de utilidad, aunque se observa en la web un<br \/>\nprocedimiento corriente en materia de cierres.<\/p>\n<p>* Se ha solicitado a PAMI que IMED implemente la opci\u00f3n de cierre de &#8220;lote a demanda&#8221;, cosa que el PAMI afirma ya haber solicitado a IMED y se ratificar\u00e1 su pedido, aunque no tenemos claro si estar\u00e1 disponible<br \/>\npara el cierre de esta quincena.<\/p>\n<p>Ante cualquier duda sobre este tema de cierres quedamos a disposici\u00f3n, y seguramente estaremos en breve comunicando el Instructivo para Farmacias.<\/p>\n<p>Saludos cordiales.<br \/>\nATTE. CONFEDERACION FARMACEUTICA ARGENTINA (COFA)<\/p>\n","protected":false},"excerpt":{"rendered":"<p>PAMI &#8211; Cierre de farmacias 1\u00b0 Quincena de noviembre 2.024 (IMED y FarmaPAMI) * Se realizar\u00e1n, como ya se hab\u00eda anunciado, dos cierres, uno en IMED con las recetas validadas del 1\u00ba de noviembre en adelante; y uno en FarmaPAMI, en caso de que la farmacia se haya quedado con recetas validadas hasta el 31 [&#8230;]\n","protected":false},"author":2,"featured_media":0,"comment_status":"closed","ping_status":"closed","sticky":false,"template":"","format":"standard","meta":{"footnotes":""},"categories":[71],"tags":[],"class_list":["post-17982","post","type-post","status-publish","format-standard","hentry","category-noticias"],"_links":{"self":[{"href":"https:\/\/cofarco.com.ar\/ar\/wp-json\/wp\/v2\/posts\/17982","targetHints":{"allow":["GET"]}}],"collection":[{"href":"https:\/\/cofarco.com.ar\/ar\/wp-json\/wp\/v2\/posts"}],"about":[{"href":"https:\/\/cofarco.com.ar\/ar\/wp-json\/wp\/v2\/types\/post"}],"author":[{"embeddable":true,"href":"https:\/\/cofarco.com.ar\/ar\/wp-json\/wp\/v2\/users\/2"}],"replies":[{"embeddable":true,"href":"https:\/\/cofarco.com.ar\/ar\/wp-json\/wp\/v2\/comments?post=17982"}],"version-history":[{"count":1,"href":"https:\/\/cofarco.com.ar\/ar\/wp-json\/wp\/v2\/posts\/17982\/revisions"}],"predecessor-version":[{"id":17984,"href":"https:\/\/cofarco.com.ar\/ar\/wp-json\/wp\/v2\/posts\/17982\/revisions\/17984"}],"wp:attachment":[{"href":"https:\/\/cofarco.com.ar\/ar\/wp-json\/wp\/v2\/media?parent=17982"}],"wp:term":[{"taxonomy":"category","embeddable":true,"href":"https:\/\/cofarco.com.ar\/ar\/wp-json\/wp\/v2\/categories?post=17982"},{"taxonomy":"post_tag","embeddable":true,"href":"https:\/\/cofarco.com.ar\/ar\/wp-json\/wp\/v2\/tags?post=17982"}],"curies":[{"name":"wp","href":"https:\/\/api.w.org\/{rel}","templated":true}]}}