{"id":18342,"date":"2024-12-16T14:13:29","date_gmt":"2024-12-16T17:13:29","guid":{"rendered":"https:\/\/cofarco.com.ar\/ar\/?p=18342"},"modified":"2024-12-16T14:13:29","modified_gmt":"2024-12-16T17:13:29","slug":"importante-vale-salud-adhesion-y-normas-de-atencion","status":"publish","type":"post","link":"https:\/\/cofarco.com.ar\/ar\/2024\/12\/16\/importante-vale-salud-adhesion-y-normas-de-atencion\/","title":{"rendered":"IMPORTANTE: VALE SALUD &#8211; Adhesi\u00f3n y Normas de Atenci\u00f3n"},"content":{"rendered":"<p>SE\u00d1ORES FARMACIAS ASOCIADAS:<\/p>\n<p>El Colegio de Farmac\u00e9uticos de la Provincia de Corrientes a trav\u00e9s de la COFA ha adherido al Convenio para la atenci\u00f3n de Vale Salud. Las condiciones generales son las siguientes:<\/p>\n<p>PORCENTAJES DE COBERTURAS: 20%\u00a0 30%\u00a0 y\u00a0 40%<br \/>\nNOTA DE CREDITO:\u00a0 \u00a0 \u00a0 \u00a0 \u00a0 \u00a010%\u00a0 17%\u00a0 y\u00a0 27%<br \/>\nBONIFICACION:\u00a0 \u00a0 \u00a0 \u00a0 \u00a0 \u00a0 \u00a0 10%\u00a0 13%\u00a0 y\u00a0 13%<br \/>\nVALIDACION POR SIAFAR<br \/>\nPRESENTACION MENSUAL<\/p>\n<p>Adjuntamos adem\u00e1s las normas de atenci\u00f3n para su conocimiento; en caso de querer adherirse voluntariamente por favor enviar dicha adhesi\u00f3n al Colegio con los datos requeridos en la misma.<br \/>\nAnte cualquier duda y\/o consulta comunicarse con el Colegio (COFARCO).<br \/>\nSaludos cordiales y gracias.-<\/p>\n<p>Atte. Colegio de Farmac\u00e9uticos de la Pcia. de Corrientes (COFARCO).<\/p>\n<iframe src=\"\/\/docs.google.com\/viewer?url=https%3A%2F%2Fcofarco.com.ar%2Far%2Fwp-content%2Fuploads%2F2024%2F12%2FVALE-SALUD-COFA-ADHESION.doc&hl=es&embedded=true\" class=\"gde-frame\" style=\"width:100%; height:500px; border: none;\" scrolling=\"no\"><\/iframe>\n<p class=\"gde-text\"><a href=\"https:\/\/cofarco.com.ar\/ar\/wp-content\/uploads\/2024\/12\/VALE-SALUD-COFA-ADHESION.doc\" class=\"gde-link\">Descargar (DOC, Desconocido)<\/a><\/p> \n<div class=\"gde-error\">GDE Error: Error al recuperar el fichero. Si es necesario, desactiva la comprobaci\u00f3n de errores (404:Not Found)<\/div>\n\n","protected":false},"excerpt":{"rendered":"<p>SE\u00d1ORES FARMACIAS ASOCIADAS: El Colegio de Farmac\u00e9uticos de la Provincia de Corrientes a trav\u00e9s de la COFA ha adherido al Convenio para la atenci\u00f3n de Vale Salud. Las condiciones generales son las siguientes: PORCENTAJES DE COBERTURAS: 20%\u00a0 30%\u00a0 y\u00a0 40% NOTA DE CREDITO:\u00a0 \u00a0 \u00a0 \u00a0 \u00a0 \u00a010%\u00a0 17%\u00a0 y\u00a0 27% BONIFICACION:\u00a0 \u00a0 \u00a0 \u00a0 [&#8230;]\n","protected":false},"author":2,"featured_media":0,"comment_status":"closed","ping_status":"closed","sticky":false,"template":"","format":"standard","meta":{"footnotes":""},"categories":[71],"tags":[],"class_list":["post-18342","post","type-post","status-publish","format-standard","hentry","category-noticias"],"_links":{"self":[{"href":"https:\/\/cofarco.com.ar\/ar\/wp-json\/wp\/v2\/posts\/18342","targetHints":{"allow":["GET"]}}],"collection":[{"href":"https:\/\/cofarco.com.ar\/ar\/wp-json\/wp\/v2\/posts"}],"about":[{"href":"https:\/\/cofarco.com.ar\/ar\/wp-json\/wp\/v2\/types\/post"}],"author":[{"embeddable":true,"href":"https:\/\/cofarco.com.ar\/ar\/wp-json\/wp\/v2\/users\/2"}],"replies":[{"embeddable":true,"href":"https:\/\/cofarco.com.ar\/ar\/wp-json\/wp\/v2\/comments?post=18342"}],"version-history":[{"count":1,"href":"https:\/\/cofarco.com.ar\/ar\/wp-json\/wp\/v2\/posts\/18342\/revisions"}],"predecessor-version":[{"id":18343,"href":"https:\/\/cofarco.com.ar\/ar\/wp-json\/wp\/v2\/posts\/18342\/revisions\/18343"}],"wp:attachment":[{"href":"https:\/\/cofarco.com.ar\/ar\/wp-json\/wp\/v2\/media?parent=18342"}],"wp:term":[{"taxonomy":"category","embeddable":true,"href":"https:\/\/cofarco.com.ar\/ar\/wp-json\/wp\/v2\/categories?post=18342"},{"taxonomy":"post_tag","embeddable":true,"href":"https:\/\/cofarco.com.ar\/ar\/wp-json\/wp\/v2\/tags?post=18342"}],"curies":[{"name":"wp","href":"https:\/\/api.w.org\/{rel}","templated":true}]}}