{"id":19102,"date":"2025-02-18T16:20:47","date_gmt":"2025-02-18T19:20:47","guid":{"rendered":"https:\/\/cofarco.com.ar\/ar\/?p=19102"},"modified":"2025-02-18T16:20:47","modified_gmt":"2025-02-18T19:20:47","slug":"invitacion-inscripciones-abiertas-para-los-xxviii-juegos-deportivos-farmaceuticos-mendoza-2025","status":"publish","type":"post","link":"https:\/\/cofarco.com.ar\/ar\/2025\/02\/18\/invitacion-inscripciones-abiertas-para-los-xxviii-juegos-deportivos-farmaceuticos-mendoza-2025\/","title":{"rendered":"Invitaci\u00f3n: Inscripciones abiertas para los XXVIII Juegos Deportivos Farmac\u00e9uticos &#8211; Mendoza 2025"},"content":{"rendered":"<p>Invitaci\u00f3n: Inscripciones abiertas para los XXVIII Juegos Deportivos Farmac\u00e9uticos &#8211; Mendoza 2025<\/p>\n<p style=\"text-align: justify;\" data-start=\"200\" data-end=\"490\">El <strong data-start=\"203\" data-end=\"261\">Colegio de Farmac\u00e9uticos de la Provincia de Corrientes<\/strong> invita a todos los profesionales farmac\u00e9uticos correntinos a participar en los <strong data-start=\"341\" data-end=\"394\">XXVIII Juegos Deportivos Farmac\u00e9uticos Nacionales<\/strong>, que se llevar\u00e1n a cabo los d\u00edas <strong data-start=\"428\" data-end=\"456\">1, 2 y 3 de mayo de 2025<\/strong> en la provincia de <strong data-start=\"476\" data-end=\"487\">Mendoza<\/strong>.<\/p>\n<p style=\"text-align: justify;\" data-start=\"492\" data-end=\"693\">Como en cada edici\u00f3n, ser\u00e1 una excelente oportunidad para compartir experiencias, competir en diversas disciplinas y fortalecer lazos de compa\u00f1erismo y camarader\u00eda en un entorno diferente al laboral.<\/p>\n<p data-start=\"492\" data-end=\"693\">\ud83c\udfc6 <strong data-start=\"698\" data-end=\"753\">Conoc\u00e9 las disciplinas y categor\u00edas que se jugar\u00e1n:<\/strong> \n<div class=\"gde-error\">GDE Error: Error al recuperar el fichero. Si es necesario, desactiva la comprobaci\u00f3n de errores (404:Not Found)<\/div>\n\n<p style=\"text-align: justify;\" data-start=\"492\" data-end=\"693\"><strong>Valores de Incripci\u00f3n:\u00a0<\/strong><\/p>\n<ul style=\"text-align: justify;\" data-start=\"811\" data-end=\"956\">\n<li data-start=\"811\" data-end=\"847\"><strong data-start=\"813\" data-end=\"836\">Farmac\u00e9uticos COFA:<\/strong> $140.000<\/li>\n<li data-start=\"848\" data-end=\"883\"><strong data-start=\"850\" data-end=\"872\">Acompa\u00f1antes COFA:<\/strong> $160.000<\/li>\n<li data-start=\"884\" data-end=\"919\"><strong data-start=\"886\" data-end=\"909\">Menores de 12 a\u00f1os:<\/strong> $80.000<\/li>\n<li data-start=\"920\" data-end=\"956\"><strong data-start=\"922\" data-end=\"944\">Menores de 3 a\u00f1os:<\/strong> Sin costo<\/li>\n<\/ul>\n<p><strong>\u00a1Promoci\u00f3n excusiva hasta el 31 de marzo!<\/strong><\/p>\n<p style=\"text-align: justify;\" data-start=\"1022\" data-end=\"1241\">Aprovech\u00e1 la tarifa bonificada inscribi\u00e9ndote antes de la fecha l\u00edmite:<br data-start=\"1093\" data-end=\"1096\" \/>\u2705 <strong data-start=\"1098\" data-end=\"1121\">Farmac\u00e9uticos COFA:<\/strong> $100.000<br data-start=\"1130\" data-end=\"1133\" \/>\u2705 <strong data-start=\"1135\" data-end=\"1157\">Acompa\u00f1antes COFA:<\/strong> $120.000<br data-start=\"1166\" data-end=\"1169\" \/>\u2705 <strong data-start=\"1171\" data-end=\"1194\">Menores de 12 a\u00f1os:<\/strong> $60.000<br data-start=\"1202\" data-end=\"1205\" \/>\u2705 <strong data-start=\"1207\" data-end=\"1229\">Menores de 3 a\u00f1os:<\/strong> Sin costo<\/p>\n<p style=\"text-align: justify;\" data-start=\"1022\" data-end=\"1241\">\n<p style=\"text-align: justify;\" data-start=\"1243\" data-end=\"1436\">\ud83d\udce9 <strong data-start=\"1246\" data-end=\"1294\">Para m\u00e1s informaci\u00f3n, pod\u00e9s comunicarte con:<\/strong><br data-start=\"1294\" data-end=\"1297\" \/>\ud83d\udcde <strong data-start=\"1300\" data-end=\"1342\">Colegio de Farmac\u00e9uticos de Corrientes<\/strong>: (0379) 4425707 &#8211; 4426749<br data-start=\"1368\" data-end=\"1371\" \/>\ud83d\udcf1 <strong data-start=\"1374\" data-end=\"1416\">Delegado deportivo, Ftco. Augusto Rius<\/strong>: (03777) 15592921<\/p>\n<p style=\"text-align: justify;\" data-start=\"1243\" data-end=\"1436\">\n<p style=\"text-align: justify;\" data-start=\"1438\" data-end=\"1556\">Esperamos contar con la valiosa presencia de todos nuestros colegas correntinos en esta nueva edici\u00f3n de los Juegos.<\/p>\n<p style=\"text-align: justify;\" data-start=\"1558\" data-end=\"1591\"><strong data-start=\"1558\" data-end=\"1589\">\u00a1Nos vemos en Mendoza 2025!<\/strong><\/p>\n<p style=\"text-align: justify;\" data-start=\"1593\" data-end=\"1684\">Saludos cordiales,<br data-start=\"1611\" data-end=\"1614\" \/><strong data-start=\"1614\" data-end=\"1682\">Colegio de Farmac\u00e9uticos de la Provincia de Corrientes (COFARCO)<\/strong><\/p>\n","protected":false},"excerpt":{"rendered":"<p>Invitaci\u00f3n: Inscripciones abiertas para los XXVIII Juegos Deportivos Farmac\u00e9uticos &#8211; Mendoza 2025 El Colegio de Farmac\u00e9uticos de la Provincia de Corrientes invita a todos los profesionales farmac\u00e9uticos correntinos a participar en los XXVIII Juegos Deportivos Farmac\u00e9uticos Nacionales, que se llevar\u00e1n a cabo los d\u00edas 1, 2 y 3 de mayo de 2025 en la provincia [&#8230;]\n","protected":false},"author":2,"featured_media":0,"comment_status":"closed","ping_status":"closed","sticky":false,"template":"","format":"standard","meta":{"footnotes":""},"categories":[71],"tags":[],"class_list":["post-19102","post","type-post","status-publish","format-standard","hentry","category-noticias"],"_links":{"self":[{"href":"https:\/\/cofarco.com.ar\/ar\/wp-json\/wp\/v2\/posts\/19102","targetHints":{"allow":["GET"]}}],"collection":[{"href":"https:\/\/cofarco.com.ar\/ar\/wp-json\/wp\/v2\/posts"}],"about":[{"href":"https:\/\/cofarco.com.ar\/ar\/wp-json\/wp\/v2\/types\/post"}],"author":[{"embeddable":true,"href":"https:\/\/cofarco.com.ar\/ar\/wp-json\/wp\/v2\/users\/2"}],"replies":[{"embeddable":true,"href":"https:\/\/cofarco.com.ar\/ar\/wp-json\/wp\/v2\/comments?post=19102"}],"version-history":[{"count":1,"href":"https:\/\/cofarco.com.ar\/ar\/wp-json\/wp\/v2\/posts\/19102\/revisions"}],"predecessor-version":[{"id":19104,"href":"https:\/\/cofarco.com.ar\/ar\/wp-json\/wp\/v2\/posts\/19102\/revisions\/19104"}],"wp:attachment":[{"href":"https:\/\/cofarco.com.ar\/ar\/wp-json\/wp\/v2\/media?parent=19102"}],"wp:term":[{"taxonomy":"category","embeddable":true,"href":"https:\/\/cofarco.com.ar\/ar\/wp-json\/wp\/v2\/categories?post=19102"},{"taxonomy":"post_tag","embeddable":true,"href":"https:\/\/cofarco.com.ar\/ar\/wp-json\/wp\/v2\/tags?post=19102"}],"curies":[{"name":"wp","href":"https:\/\/api.w.org\/{rel}","templated":true}]}}