{"id":20234,"date":"2025-05-05T16:37:15","date_gmt":"2025-05-05T19:37:15","guid":{"rendered":"https:\/\/cofarco.com.ar\/ar\/?p=20234"},"modified":"2025-05-05T16:37:15","modified_gmt":"2025-05-05T19:37:15","slug":"%f0%9f%8f%85-conoce-los-resultados-de-la-delegacion-correntina-en-los-jdf-mendoza-2025","status":"publish","type":"post","link":"https:\/\/cofarco.com.ar\/ar\/2025\/05\/05\/%f0%9f%8f%85-conoce-los-resultados-de-la-delegacion-correntina-en-los-jdf-mendoza-2025\/","title":{"rendered":"\ud83c\udfc5 Conoc\u00e9 los resultados de la delegaci\u00f3n correntina en los JDF Mendoza 2025"},"content":{"rendered":"<p>Este a\u00f1o, la\u00a0<strong>delegaci\u00f3n del Colegio de Farmac\u00e9uticos de Corrientes<\/strong>\u00a0estuvo presente en los\u00a0<strong>XXVIII Juegos Deportivos Farmac\u00e9uticos<\/strong>\u00a0realizados en Mendoza del 1 al 3 de mayo, compartiendo momentos de camarader\u00eda y participaci\u00f3n con colegas de todo el pa\u00eds.<\/p>\n<p>Si bien la cantidad de representantes fue reducida, con esfuerzo, entusiasmo y compromiso,\u00a0<strong>nuestros participantes lograron un total de 10 medallas<\/strong>\u00a0en diferentes disciplinas. \u00a1Felicitaciones por dejar a Corrientes en lo m\u00e1s alto!<\/p>\n<h3>\u00a0Medallero Comparativo<\/h3>\n<p>Medallas\u00a0 \u00a0San Juan 2023\u00a0 \u00a0 \u00a0 \u00a0 Mendoza 2025<\/p>\n<p>Oro\u00a0 \u00a0 \u00a0 \u00a0 \u00a0 \u00a0 \u00a05\u00a0 \u00a0 \u00a0 \u00a0 \u00a0 \u00a0 \u00a0 \u00a0 \u00a0 \u00a0 \u00a0 \u00a0 \u00a0 \u00a0 \u00a0 \u00a0 \u00a05<\/p>\n<p>Plata\u00a0 \u00a0 \u00a0 \u00a0 \u00a0 \u00a04\u00a0 \u00a0 \u00a0 \u00a0 \u00a0 \u00a0 \u00a0 \u00a0 \u00a0 \u00a0 \u00a0 \u00a0 \u00a0 \u00a0 \u00a0 \u00a0 \u00a02<\/p>\n<p>Bronce\u00a0 \u00a0 \u00a0 \u00a0 6\u00a0 \u00a0 \u00a0 \u00a0 \u00a0 \u00a0 \u00a0 \u00a0 \u00a0 \u00a0 \u00a0 \u00a0 \u00a0 \u00a0 \u00a0 \u00a0 \u00a03<\/p>\n<h3><img decoding=\"async\" class=\"an1\" draggable=\"false\" src=\"https:\/\/fonts.gstatic.com\/s\/e\/notoemoji\/16.0\/1f947\/72.png\" alt=\"\ud83e\udd47\" width=\"28\" height=\"28\" data-emoji=\"\ud83e\udd47\" aria-label=\"\ud83e\udd47\" \/>\u00a0Medallas de Oro<\/h3>\n<ul>\n<li>Carrera 100 mts. Libre Masculino:\u00a0<strong>\u00c1ngel Aquino<\/strong><\/li>\n<li>Lanzamiento de bala Libre Masculino:\u00a0<strong>\u00c1ngel Aquino<\/strong><\/li>\n<li>Salto en largo Femenino:\u00a0<strong>Flavia Brezik<\/strong><\/li>\n<li>Tejo Femenino:\u00a0<strong>Florencia Winkler y Mara Saravia<\/strong><\/li>\n<li>Paddle Masculino:\u00a0<strong>Gonzalo Andrade y Facundo Olsina<\/strong><strong><br \/>\n<\/strong><strong><\/p>\n<p><\/strong><\/li>\n<\/ul>\n<h3><img decoding=\"async\" class=\"an1\" draggable=\"false\" src=\"https:\/\/fonts.gstatic.com\/s\/e\/notoemoji\/16.0\/1f948\/72.png\" alt=\"\ud83e\udd48\" width=\"28\" height=\"28\" data-emoji=\"\ud83e\udd48\" aria-label=\"\ud83e\udd48\" \/>\u00a0Medallas de Plata<\/h3>\n<ul>\n<li>Lanzamiento de bala Mujeres:\u00a0<strong>Yuliana G\u00f3mez<\/strong><\/li>\n<li>Marat\u00f3n Categor\u00eda Senior:\u00a0<strong>Augusto Rius<\/strong><strong>\n<p><\/strong><\/li>\n<\/ul>\n<h3><img decoding=\"async\" class=\"an1\" draggable=\"false\" src=\"https:\/\/fonts.gstatic.com\/s\/e\/notoemoji\/16.0\/1f949\/72.png\" alt=\"\ud83e\udd49\" width=\"28\" height=\"28\" data-emoji=\"\ud83e\udd49\" aria-label=\"\ud83e\udd49\" \/>\u00a0Medallas de Bronce<\/h3>\n<ul>\n<li>Lanzamiento de bala hasta 35 a\u00f1os:\u00a0<strong>Gonzalo Andrade<\/strong><\/li>\n<li>Salto en largo Senior:\u00a0<strong>Claudia Cotani<\/strong><\/li>\n<li>Truco:\u00a0<strong>Augusto Rius y Fernando Parra<\/strong><strong>\n<p><\/strong><\/li>\n<\/ul>\n<h3><img loading=\"lazy\" decoding=\"async\" class=\"an1\" draggable=\"false\" src=\"https:\/\/fonts.gstatic.com\/s\/e\/notoemoji\/16.0\/1f91d\/72.png\" alt=\"\ud83e\udd1d\" width=\"26\" height=\"26\" data-emoji=\"\ud83e\udd1d\" aria-label=\"\ud83e\udd1d\" \/>\u00a0Agradecimientos especiales<\/h3>\n<p>Agradecemos a todos los\u00a0<strong>representantes correntinos<\/strong>\u00a0por sumarse con\u00a0<strong>buena voluntad, energ\u00eda y esp\u00edritu deportivo<\/strong>, y tambi\u00e9n a las empresas que apoyaron la participaci\u00f3n de nuestros equipos:<\/p>\n<ul>\n<li>\u00a0<strong>Droguer\u00eda Monroe Americana<\/strong>\u00a0\u2013 Equipos de V\u00f3ley<\/li>\n<li>\u00a0<strong>Laboratorios Roemmers<\/strong>\u00a0\u2013 B\u00e1squet<\/li>\n<li>\u00a0<strong>Laboratorios Casasco<\/strong>\u00a0\u2013 F\u00fatbol<\/li>\n<li>\u00a0<strong>Droguer\u00eda del Sud<\/strong>\u00a0\u2013 Atletismo<\/li>\n<\/ul>\n<p>Tambi\u00e9n extendemos un especial agradecimiento al\u00a0<strong>Colegio de Farmac\u00e9uticos de Mendoza<\/strong>\u00a0por su hospitalidad y excelente organizaci\u00f3n del evento.<\/p>\n<h3>\u00a0\u00a1Te invitamos a sumarte en 2026!<\/h3>\n<p>Queremos invitar a m\u00e1s farmac\u00e9uticos y farmac\u00e9uticas de Corrientes a ser parte de la pr\u00f3xima edici\u00f3n en 2026.<br \/>\n<strong>Los Juegos Farmac\u00e9uticos no son solo una competencia, sino un espacio de encuentro, integraci\u00f3n y disfrute entre colegas de todo el pa\u00eds.<\/strong><\/p>\n<p>\u00a1Sumate a vivir esta experiencia \u00fanica!<\/p>\n<p><strong>Colegio de Farmac\u00e9uticos de Corrientes<\/strong><\/p>\n<p>&nbsp;<\/p>\n<h1><strong><a href=\"https:\/\/www.instagram.com\/p\/DJSJZxuOri8\/?img_index=1\">Mira todas las fotos aca!<\/a><\/strong><\/h1>\n<p>&nbsp;<\/p>\n","protected":false},"excerpt":{"rendered":"<p>Este a\u00f1o, la\u00a0delegaci\u00f3n del Colegio de Farmac\u00e9uticos de Corrientes\u00a0estuvo presente en los\u00a0XXVIII Juegos Deportivos Farmac\u00e9uticos\u00a0realizados en Mendoza del 1 al 3 de mayo, compartiendo momentos de camarader\u00eda y participaci\u00f3n con colegas de todo el pa\u00eds. Si bien la cantidad de representantes fue reducida, con esfuerzo, entusiasmo y compromiso,\u00a0nuestros participantes lograron un total de 10 medallas\u00a0en [&#8230;]\n","protected":false},"author":2,"featured_media":0,"comment_status":"closed","ping_status":"closed","sticky":false,"template":"","format":"standard","meta":{"footnotes":""},"categories":[71],"tags":[],"class_list":["post-20234","post","type-post","status-publish","format-standard","hentry","category-noticias"],"_links":{"self":[{"href":"https:\/\/cofarco.com.ar\/ar\/wp-json\/wp\/v2\/posts\/20234","targetHints":{"allow":["GET"]}}],"collection":[{"href":"https:\/\/cofarco.com.ar\/ar\/wp-json\/wp\/v2\/posts"}],"about":[{"href":"https:\/\/cofarco.com.ar\/ar\/wp-json\/wp\/v2\/types\/post"}],"author":[{"embeddable":true,"href":"https:\/\/cofarco.com.ar\/ar\/wp-json\/wp\/v2\/users\/2"}],"replies":[{"embeddable":true,"href":"https:\/\/cofarco.com.ar\/ar\/wp-json\/wp\/v2\/comments?post=20234"}],"version-history":[{"count":1,"href":"https:\/\/cofarco.com.ar\/ar\/wp-json\/wp\/v2\/posts\/20234\/revisions"}],"predecessor-version":[{"id":20237,"href":"https:\/\/cofarco.com.ar\/ar\/wp-json\/wp\/v2\/posts\/20234\/revisions\/20237"}],"wp:attachment":[{"href":"https:\/\/cofarco.com.ar\/ar\/wp-json\/wp\/v2\/media?parent=20234"}],"wp:term":[{"taxonomy":"category","embeddable":true,"href":"https:\/\/cofarco.com.ar\/ar\/wp-json\/wp\/v2\/categories?post=20234"},{"taxonomy":"post_tag","embeddable":true,"href":"https:\/\/cofarco.com.ar\/ar\/wp-json\/wp\/v2\/tags?post=20234"}],"curies":[{"name":"wp","href":"https:\/\/api.w.org\/{rel}","templated":true}]}}