{"id":20403,"date":"2025-05-14T10:47:36","date_gmt":"2025-05-14T13:47:36","guid":{"rendered":"https:\/\/cofarco.com.ar\/ar\/?p=20403"},"modified":"2025-05-14T10:50:24","modified_gmt":"2025-05-14T13:50:24","slug":"invitacion-a-las-4-jornadas-farmaceuticas-chaquenas-05-y-06-de-septiembre-de-2-025","status":"publish","type":"post","link":"https:\/\/cofarco.com.ar\/ar\/2025\/05\/14\/invitacion-a-las-4-jornadas-farmaceuticas-chaquenas-05-y-06-de-septiembre-de-2-025\/","title":{"rendered":"INVITACI\u00d3N A LAS 4\u00b0 JORNADAS FARMAC\u00c9UTICAS CHAQUE\u00d1AS &#8211; 05 Y 06 DE SEPTIEMBRE DE 2.025"},"content":{"rendered":"<p>Estimados Colegas:<\/p>\n<p>Con alegr\u00eda y satisfacci\u00f3n, los invitamos a participar de las\u00a0<strong>Cuartas Jornadas Farmac\u00e9uticas Chaque\u00f1as<\/strong>, a realizarse los d\u00edas\u00a0<strong>05 y 06 de septiembre de 2.025<\/strong>; las cuales finalizar\u00e1n con la gran\u00a0<strong>Fiesta Anual del Farmac\u00e9utico 2.025<\/strong>\u00a0donde se entregar\u00e1n los presentes por los 25 y 50 a\u00f1os de profesi\u00f3n a distintos colegas y se entregar\u00e1n presentes a las farmacias que cumplen 25, 30, 40 Y 55 a\u00f1os de trayectoria.<\/p>\n<p>&#8211; FECHA: 05 Y 06 DE SEPTIEMBRE DE 2.025<\/p>\n<p>&#8211; LUGAR: GALA CONVENCIONES.<\/p>\n<p>&#8211; COSTOS:<\/p>\n<p><strong>FARMAC\u00c9UTICOS COLEGIADOS CHACO Y SOCIOS\/AS DEL COLEGIO DE CORRIENTES (COFARCO):<\/strong><\/p>\n<p>* JORNADAS + FIESTA: $ 75.000<br \/>\n* JORNADAS: $ 50.000<br \/>\n* FIESTA: $ 50.000<br \/>\nJORNADAS: EVENTO EXCLUSIVO PARA EL PROFESIONAL &#8220;FARMAC\u00c9UTICO&#8221; UNICAMENTE.<\/p>\n<p><strong>FARMAC\u00c9UTICOS NO COLEGIADOS (NO ASOCIADOS):<\/strong><\/p>\n<p>* JORNADAS + FIESTA: $ 100.000<br \/>\n* JORNADAS: $ 65.000<br \/>\n* FIESTA: $ 65.000<br \/>\nJORNADAS: EVENTO EXCLUSIVO PARA EL PROFESIONAL &#8220;FARMAC\u00c9UTICO&#8221; UNICAMENTE.<\/p>\n<p><strong>ACOMPA\u00d1ANTE FIESTA: $ 65.000<\/strong><\/p>\n<p><strong>MENORES:<\/strong><br \/>\n5-12 A\u00d1OS : $ 30.000<br \/>\nDE 0-4 A\u00d1OS: SIN CARGO<\/p>\n<p><strong>IMPORTANTE: COSTOS V\u00c1LIDOS HASTA EL 31\/07\/2.025.<\/strong><\/p>\n<p>Para inscripciones enviar mail de confirmaci\u00f3n (<a href=\"mailto:cfchaco@hotmail.com\" target=\"_blank\" rel=\"noopener\">cfchaco@hotmail.com<\/a>) junto al comprobante del pago; dicho mail deben contener los siguientes datos:<\/p>\n<p><strong>FARMAC\u00c9UTICO\/A:<\/strong><br \/>\nApellido y Nombre<br \/>\nMatr\u00edcula Profesional<br \/>\nDNI<br \/>\nAclarar si es\u00a0 CEL\u00cdACO, VEGANO \u00f3 VEGETARIANO (Por favor aclarar bien lo<br \/>\nsolicitado).<\/p>\n<p><strong>ACOMPA\u00d1ANTE\/S:<\/strong><br \/>\nApellido y Nombre<br \/>\nDNI<br \/>\nAclarar si es CEL\u00cdACO, VEGANO O VEGETARIANO (Por favor aclarar bien lo<br \/>\nsolicitado).<\/p>\n<p><strong>FORMAS DE PAGO:<\/strong><br \/>\n* TRANSFERENCIA\/DEP\u00d3SITO BANCARIO (VER <strong><em><a href=\"https:\/\/cofarco.com.ar\/ar\/wp-content\/uploads\/2025\/05\/CBU-CAJA-DE-AHORRO-1.rtf\">CBU-CAJA DE AHORRO (1))<\/a><\/em><\/strong><\/p>\n<p>E-mail:\u00a0<a href=\"mailto:cfchaco@hotmail.com\" target=\"_blank\" rel=\"noopener\">cfchaco@hotmail.com<\/a><br \/>\nTEL FIJO: 0362- 4426119<br \/>\nCEL:\u00a0 362-5616409<\/p>\n<p>LOS ESPERAMOS!!!<br \/>\nAtte. Colegio de Farmac\u00e9uticos del Chaco<\/p>\n<p>&nbsp;<\/p>\n<p><img fetchpriority=\"high\" decoding=\"async\" class=\"alignnone size-medium wp-image-20396\" src=\"https:\/\/cofarco.com.ar\/ar\/wp-content\/uploads\/2025\/05\/IMG-20250512-WA0013-320x400.jpg\" alt=\"\" width=\"320\" height=\"400\" \/><\/p>\n","protected":false},"excerpt":{"rendered":"<p>Estimados Colegas: Con alegr\u00eda y satisfacci\u00f3n, los invitamos a participar de las\u00a0Cuartas Jornadas Farmac\u00e9uticas Chaque\u00f1as, a realizarse los d\u00edas\u00a005 y 06 de septiembre de 2.025; las cuales finalizar\u00e1n con la gran\u00a0Fiesta Anual del Farmac\u00e9utico 2.025\u00a0donde se entregar\u00e1n los presentes por los 25 y 50 a\u00f1os de profesi\u00f3n a distintos colegas y se entregar\u00e1n presentes a [&#8230;]\n","protected":false},"author":2,"featured_media":0,"comment_status":"closed","ping_status":"closed","sticky":false,"template":"","format":"standard","meta":{"footnotes":""},"categories":[71],"tags":[],"class_list":["post-20403","post","type-post","status-publish","format-standard","hentry","category-noticias"],"_links":{"self":[{"href":"https:\/\/cofarco.com.ar\/ar\/wp-json\/wp\/v2\/posts\/20403","targetHints":{"allow":["GET"]}}],"collection":[{"href":"https:\/\/cofarco.com.ar\/ar\/wp-json\/wp\/v2\/posts"}],"about":[{"href":"https:\/\/cofarco.com.ar\/ar\/wp-json\/wp\/v2\/types\/post"}],"author":[{"embeddable":true,"href":"https:\/\/cofarco.com.ar\/ar\/wp-json\/wp\/v2\/users\/2"}],"replies":[{"embeddable":true,"href":"https:\/\/cofarco.com.ar\/ar\/wp-json\/wp\/v2\/comments?post=20403"}],"version-history":[{"count":5,"href":"https:\/\/cofarco.com.ar\/ar\/wp-json\/wp\/v2\/posts\/20403\/revisions"}],"predecessor-version":[{"id":20409,"href":"https:\/\/cofarco.com.ar\/ar\/wp-json\/wp\/v2\/posts\/20403\/revisions\/20409"}],"wp:attachment":[{"href":"https:\/\/cofarco.com.ar\/ar\/wp-json\/wp\/v2\/media?parent=20403"}],"wp:term":[{"taxonomy":"category","embeddable":true,"href":"https:\/\/cofarco.com.ar\/ar\/wp-json\/wp\/v2\/categories?post=20403"},{"taxonomy":"post_tag","embeddable":true,"href":"https:\/\/cofarco.com.ar\/ar\/wp-json\/wp\/v2\/tags?post=20403"}],"curies":[{"name":"wp","href":"https:\/\/api.w.org\/{rel}","templated":true}]}}