{"id":20507,"date":"2025-05-22T15:25:53","date_gmt":"2025-05-22T18:25:53","guid":{"rendered":"https:\/\/cofarco.com.ar\/ar\/?p=20507"},"modified":"2025-05-22T15:45:36","modified_gmt":"2025-05-22T18:45:36","slug":"80-anos-de-cofarco-una-historia-de-compromiso-y-vocacion-sanitaria","status":"publish","type":"post","link":"https:\/\/cofarco.com.ar\/ar\/2025\/05\/22\/80-anos-de-cofarco-una-historia-de-compromiso-y-vocacion-sanitaria\/","title":{"rendered":"80 A\u00f1os de COFARCO: Una Historia de Compromiso y Vocaci\u00f3n Sanitaria"},"content":{"rendered":"<p data-start=\"272\" data-end=\"641\">En este 2025, celebramos con profunda emoci\u00f3n los <strong data-start=\"322\" data-end=\"398\">80 a\u00f1os de historia del Colegio de Farmac\u00e9uticos de Corrientes (COFARCO)<\/strong>. Ocho d\u00e9cadas que representan mucho m\u00e1s que el paso del tiempo: son el reflejo del compromiso, la vocaci\u00f3n y la evoluci\u00f3n constante de una instituci\u00f3n que ha sabido posicionarse como un pilar esencial de la salud p\u00fablica en nuestra provincia.<\/p>\n<p data-start=\"643\" data-end=\"1124\">Desde su fundaci\u00f3n, COFARCO ha tenido una misi\u00f3n clara: <strong data-start=\"699\" data-end=\"796\">representar, acompa\u00f1ar y fortalecer el ejercicio profesional de los farmac\u00e9uticos correntinos<\/strong>, promoviendo una pr\u00e1ctica \u00e9tica, actualizada y centrada en el bienestar de las personas. Lo que comenz\u00f3 como el anhelo de un peque\u00f1o grupo de profesionales, hoy se ha consolidado como una comunidad de m\u00e1s de 180 farmac\u00e9uticos colegiados, unidos por una misma pasi\u00f3n: cuidar la salud de la poblaci\u00f3n con excelencia y compromiso.<\/p>\n<h3 data-start=\"1126\" data-end=\"1188\">Una trayectoria que honra el presente y proyecta el futuro<\/h3>\n<p data-start=\"1190\" data-end=\"1647\">A lo largo de estos 80 a\u00f1os, COFARCO no solo ha cumplido una funci\u00f3n gremial y acad\u00e9mica, sino tambi\u00e9n social. Ha sido testigo de transformaciones hist\u00f3ricas en la salud y la farmacia, y ha sabido adaptarse a cada contexto, acompa\u00f1ando a los profesionales en sus desaf\u00edos cotidianos. Desde la defensa del rol sanitario del farmac\u00e9utico hasta la implementaci\u00f3n de nuevas normativas, capacitaciones y servicios, <strong data-start=\"1600\" data-end=\"1646\">el Colegio ha crecido al ritmo de su gente<\/strong>.<\/p>\n<p data-start=\"1649\" data-end=\"1932\">En cada rinc\u00f3n de Corrientes, hay una farmacia que lleva consigo el sello de esta historia: la confianza construida d\u00eda a d\u00eda con la comunidad, el conocimiento que se transmite generaci\u00f3n tras generaci\u00f3n, y la calidez humana que convierte cada consulta en un acto de cuidado genuino.<\/p>\n<h3 data-start=\"1934\" data-end=\"1967\">Celebrar es tambi\u00e9n agradecer<\/h3>\n<p data-start=\"1969\" data-end=\"2399\">Este aniversario es una oportunidad para <strong data-start=\"2010\" data-end=\"2046\">honrar a quienes fueron pioneros<\/strong>, a quienes sostuvieron la instituci\u00f3n en tiempos dif\u00edciles, y a quienes hoy contin\u00faan aportando su saber y esfuerzo para seguir construyendo un colegio s\u00f3lido, inclusivo y moderno. A nuestros colegiados, personal administrativo, autoridades, y a todas las instituciones que nos han acompa\u00f1ado en este camino: <strong data-start=\"2356\" data-end=\"2398\">gracias por ser parte de esta historia<\/strong>.<\/p>\n<p data-start=\"2401\" data-end=\"2637\">Celebrar 80 a\u00f1os no es mirar atr\u00e1s, sino reafirmar nuestro compromiso con el presente y el futuro. Continuaremos trabajando para que COFARCO siga siendo un espacio de pertenencia, formaci\u00f3n, defensa profesional y construcci\u00f3n colectiva.<\/p>\n<p data-start=\"2639\" data-end=\"2773\">Porque <strong data-start=\"2646\" data-end=\"2772\">la historia del Colegio es la historia de cada farmac\u00e9utico que eligi\u00f3 esta vocaci\u00f3n con amor, responsabilidad y esperanza<\/strong>.<\/p>\n<p data-start=\"2639\" data-end=\"2773\"><img fetchpriority=\"high\" decoding=\"async\" class=\"alignnone size-medium wp-image-20508\" src=\"https:\/\/cofarco.com.ar\/ar\/wp-content\/uploads\/2025\/05\/Cofarco-80-anos-800x222.png\" alt=\"\" width=\"800\" height=\"222\" srcset=\"https:\/\/cofarco.com.ar\/ar\/wp-content\/uploads\/2025\/05\/Cofarco-80-anos-800x222.png 800w, https:\/\/cofarco.com.ar\/ar\/wp-content\/uploads\/2025\/05\/Cofarco-80-anos-768x213.png 768w, https:\/\/cofarco.com.ar\/ar\/wp-content\/uploads\/2025\/05\/Cofarco-80-anos-200x56.png 200w, https:\/\/cofarco.com.ar\/ar\/wp-content\/uploads\/2025\/05\/Cofarco-80-anos.png 1080w\" sizes=\"(max-width: 800px) 100vw, 800px\" \/><\/p>\n","protected":false},"excerpt":{"rendered":"<p>En este 2025, celebramos con profunda emoci\u00f3n los 80 a\u00f1os de historia del Colegio de Farmac\u00e9uticos de Corrientes (COFARCO). Ocho d\u00e9cadas que representan mucho m\u00e1s que el paso del tiempo: son el reflejo del compromiso, la vocaci\u00f3n y la evoluci\u00f3n constante de una instituci\u00f3n que ha sabido posicionarse como un pilar esencial de la salud [&#8230;]\n","protected":false},"author":2,"featured_media":0,"comment_status":"closed","ping_status":"closed","sticky":false,"template":"","format":"standard","meta":{"footnotes":""},"categories":[71],"tags":[],"class_list":["post-20507","post","type-post","status-publish","format-standard","hentry","category-noticias"],"_links":{"self":[{"href":"https:\/\/cofarco.com.ar\/ar\/wp-json\/wp\/v2\/posts\/20507","targetHints":{"allow":["GET"]}}],"collection":[{"href":"https:\/\/cofarco.com.ar\/ar\/wp-json\/wp\/v2\/posts"}],"about":[{"href":"https:\/\/cofarco.com.ar\/ar\/wp-json\/wp\/v2\/types\/post"}],"author":[{"embeddable":true,"href":"https:\/\/cofarco.com.ar\/ar\/wp-json\/wp\/v2\/users\/2"}],"replies":[{"embeddable":true,"href":"https:\/\/cofarco.com.ar\/ar\/wp-json\/wp\/v2\/comments?post=20507"}],"version-history":[{"count":2,"href":"https:\/\/cofarco.com.ar\/ar\/wp-json\/wp\/v2\/posts\/20507\/revisions"}],"predecessor-version":[{"id":20516,"href":"https:\/\/cofarco.com.ar\/ar\/wp-json\/wp\/v2\/posts\/20507\/revisions\/20516"}],"wp:attachment":[{"href":"https:\/\/cofarco.com.ar\/ar\/wp-json\/wp\/v2\/media?parent=20507"}],"wp:term":[{"taxonomy":"category","embeddable":true,"href":"https:\/\/cofarco.com.ar\/ar\/wp-json\/wp\/v2\/categories?post=20507"},{"taxonomy":"post_tag","embeddable":true,"href":"https:\/\/cofarco.com.ar\/ar\/wp-json\/wp\/v2\/tags?post=20507"}],"curies":[{"name":"wp","href":"https:\/\/api.w.org\/{rel}","templated":true}]}}