{"id":20583,"date":"2025-05-28T15:31:33","date_gmt":"2025-05-28T18:31:33","guid":{"rendered":"https:\/\/cofarco.com.ar\/ar\/?p=20583"},"modified":"2025-05-28T15:31:33","modified_gmt":"2025-05-28T18:31:33","slug":"calendario-cofarco-segundo-semestre-2-025","status":"publish","type":"post","link":"https:\/\/cofarco.com.ar\/ar\/2025\/05\/28\/calendario-cofarco-segundo-semestre-2-025\/","title":{"rendered":"Calendario COFARCO &#8211; Segundo semestre 2.025"},"content":{"rendered":"<p>SE\u00d1ORES FARMACIAS ASOCIADAS:<\/p>\n<p>Se adjunta CALENDARIO COFARCO correspondiente al segundo semestre del 2.025 (Julio a Diciembre) de las presentaciones de obras sociales. Por favor solicitamos tener muy en cuenta el mismo y recordamos que las fechas que figuran en dicho calendario son las fechas que tienen que estar en el Colegio las presentaciones de cada farmacia en base a cada obra social.<br \/>\nEn el mismo figuran tambi\u00e9n las fechas de PAMI (arriba de todo); recordamos tambi\u00e9n a Uds. que las fechas de la obra social IOSCOR se ir\u00e1 comunicando mes a mes para cada periodo\/presentaci\u00f3n.<br \/>\nAnte cualquier duda y\/o consulta por favor comunicarse al Colegio.<br \/>\nSaludos cordiales y gracias.-<\/p>\n<p>Atte. Colegio de Farmac\u00e9uticos de Corrientes (COFARCO).<\/p>\n\n<div class=\"gde-error\">GDE Error: La URL solicitada no es v\u00e1lida<\/div>\n\n","protected":false},"excerpt":{"rendered":"<p>SE\u00d1ORES FARMACIAS ASOCIADAS: Se adjunta CALENDARIO COFARCO correspondiente al segundo semestre del 2.025 (Julio a Diciembre) de las presentaciones de obras sociales. Por favor solicitamos tener muy en cuenta el mismo y recordamos que las fechas que figuran en dicho calendario son las fechas que tienen que estar en el Colegio las presentaciones de cada [&#8230;]\n","protected":false},"author":2,"featured_media":0,"comment_status":"closed","ping_status":"closed","sticky":false,"template":"","format":"standard","meta":{"footnotes":""},"categories":[71],"tags":[],"class_list":["post-20583","post","type-post","status-publish","format-standard","hentry","category-noticias"],"_links":{"self":[{"href":"https:\/\/cofarco.com.ar\/ar\/wp-json\/wp\/v2\/posts\/20583","targetHints":{"allow":["GET"]}}],"collection":[{"href":"https:\/\/cofarco.com.ar\/ar\/wp-json\/wp\/v2\/posts"}],"about":[{"href":"https:\/\/cofarco.com.ar\/ar\/wp-json\/wp\/v2\/types\/post"}],"author":[{"embeddable":true,"href":"https:\/\/cofarco.com.ar\/ar\/wp-json\/wp\/v2\/users\/2"}],"replies":[{"embeddable":true,"href":"https:\/\/cofarco.com.ar\/ar\/wp-json\/wp\/v2\/comments?post=20583"}],"version-history":[{"count":1,"href":"https:\/\/cofarco.com.ar\/ar\/wp-json\/wp\/v2\/posts\/20583\/revisions"}],"predecessor-version":[{"id":20585,"href":"https:\/\/cofarco.com.ar\/ar\/wp-json\/wp\/v2\/posts\/20583\/revisions\/20585"}],"wp:attachment":[{"href":"https:\/\/cofarco.com.ar\/ar\/wp-json\/wp\/v2\/media?parent=20583"}],"wp:term":[{"taxonomy":"category","embeddable":true,"href":"https:\/\/cofarco.com.ar\/ar\/wp-json\/wp\/v2\/categories?post=20583"},{"taxonomy":"post_tag","embeddable":true,"href":"https:\/\/cofarco.com.ar\/ar\/wp-json\/wp\/v2\/tags?post=20583"}],"curies":[{"name":"wp","href":"https:\/\/api.w.org\/{rel}","templated":true}]}}