{"id":2094,"date":"2018-10-27T11:04:49","date_gmt":"2018-10-27T11:04:49","guid":{"rendered":"http:\/\/cofarco.com.ar\/ar\/?p=2094"},"modified":"2018-10-27T11:04:49","modified_gmt":"2018-10-27T11:04:49","slug":"razon-y-vigencia-de-la-farmacia-de-barrio-en-el-pais","status":"publish","type":"post","link":"https:\/\/cofarco.com.ar\/ar\/2018\/10\/27\/razon-y-vigencia-de-la-farmacia-de-barrio-en-el-pais\/","title":{"rendered":"Raz\u00f3n y vigencia de la farmacia de barrio en el pa\u00eds"},"content":{"rendered":"<p id=\"ec17\" class=\"graf graf--p graf-after--figure\">\u00bfPodr\u00eda cualquier persona francesa pensar en un Par\u00eds sin panader\u00edas donde comprar baguettes, queser\u00edas con sus centenares de variedades de queso, sin los caf\u00e9s del Quartier Latin encendidos por la concurrencia durante las tardes y el anochecer? Existen instituciones que no s\u00f3lo se\u00f1alan una tradici\u00f3n, sino que implican rasgos de una personalidad nacional. \u00bfY en el pa\u00eds? \u00bfLas filas de los domingos frente a la f\u00e1brica de pastas? Pero si se habla de salubridad, \u00bfse podr\u00eda pensar a la Argentina sin la farmacia de barrio y sus farmac\u00e9uticos?<\/p>\n<p id=\"e34b\" class=\"graf graf--p graf-after--p\">En Goya, al sur de Corrientes, al noreste del pa\u00eds, en agosto ya se puede andar en remera. En la plaza principal hay una feria de productos campesinos y llegan colectivos de las zonas agrarias que rodean a la ciudad. Quiz\u00e1s por eso ya desde las ocho hay gente en la farmacia Galeno y, mientras una se\u00f1ora mayor espera, el farmac\u00e9utico Edgardo Fern\u00e1ndez la felicita por llegar temprano. \u201cMuy bien, Elena, a ver qu\u00e9 viene a buscar hoy\u201d, dice mientras busca en un cuaderno las instrucciones para Elena. Uno de los llegados de las afueras pide una tira de ibuprofeno. Otro pregunta por cepillos para el pelo para la mujer, que le dijeron que preguntara en la farmacia: \u201cNo tenemos, pero en la otra cuadra en el negocio de peluquer\u00eda seguro s\u00ed\u201d. El cronista no se presenta todav\u00eda para observar la din\u00e1mica del lugar un s\u00e1bado tempran\u00edsimo. \u201c\u00bfQu\u00e9 le trae hoy por aqu\u00ed, coraz\u00f3n?\u201d, dice el farmac\u00e9utico a una anciana, que le sonr\u00ede.<\/p>\n<p id=\"0867\" class=\"graf graf--p graf-after--p\">\u2013Hace 22 a\u00f1os ya que tengo esta farmacia, desde 1996 \u2013dice Fern\u00e1ndez\u2013. Mi padre era comerciante, ten\u00eda su local ac\u00e1. Yo en la escuela secundaria al principio quer\u00eda ser contador hasta que curs\u00e9 con un profesor de qu\u00edmica que nos hizo cambiar la decisi\u00f3n a varios. Unos se fueron a estudiar medicina y yo fui a Rosario a estudiar \u201cFarmacia y Bioqu\u00edmica\u201d y cuando pude, instal\u00e9 este lugar. Somos de la generaci\u00f3n de \u201cmi hijo, el doctor\u201d.<\/p>\n<p id=\"1795\" class=\"graf graf--p graf-after--p\">Goya tiene 70 mil habitantes que llegan a m\u00e1s de cien mil al contar las poblaciones rurales que se erigen a su alrededor. En esos parajes, las condiciones sanitarias no son \u00f3ptimas.<\/p>\n<p id=\"242c\" class=\"graf graf--p graf-after--p\">\u2013Por eso cuando vienen del campo y pisan la farmacia es como si hicieran una primera consulta \u2013dice Fern\u00e1ndez\u2013. A veces viene uno para pedirme paracetamol porque le duele una muela y yo le digo que no le voy a vender, que tiene que ir al dentista, porque el remedio puede aliviarle por un rato el dolor. \u201cPero despu\u00e9s si no te trat\u00e1s te van a sacar el diente y as\u00ed te vas a quedar para toda la vida, ten\u00e9s que ir al dentista\u201d. Y no le vendo y entonces el paciente va a atenderse al hospital. Yo estoy orgulloso de mi trabajo y de mi farmacia.<\/p>\n<p id=\"0484\" class=\"graf graf--p graf-after--p\">Lezica es una localidad peque\u00f1a, de menos de 2000 habitantes, que pertenece al partido de Luj\u00e1n. Carece de cloacas y tendido de gas, pocas cuadras tienen agua corriente y su poblaci\u00f3n es de gente de trabajo, pero el cierre de f\u00e1bricas hace que las cosas no sean f\u00e1ciles en este lugar. Tambi\u00e9n posee una nutrida poblaci\u00f3n docente y viven all\u00ed muchos empleados de la Universidad zonal.<\/p>\n<p id=\"c43a\" class=\"graf graf--p graf--startsWithDoubleQuote graf-after--p\">\u201cEn septiembre cumplimos dos a\u00f1os desde que abrimos las puertas \u2013dice Marcelo Devesa, cuyo apellido le da nombre a su emprendimiento\u2013. Ac\u00e1 no hab\u00eda farmacias, la gente ten\u00eda que ir hasta Luj\u00e1n y era una complicaci\u00f3n.<\/p>\n<p id=\"638f\" class=\"graf graf--p graf-after--p\"><strong class=\"markup--strong markup--p-strong\">\u2013\u00bfC\u00f3mo es la esa relaci\u00f3n de la poblaci\u00f3n de Lezica con su farmacia? \u00bfVienen a consultar por cuestiones de salud?<\/strong><\/p>\n<p id=\"4d6c\" class=\"graf graf--p graf-after--p\">\u2013Vienen ante cualquier problema a consultar y lo que se puede solucionar en la farmacia, se soluciona. En el barrio hay una salita de primeros auxilios que funciona algunos d\u00edas en la semana por la ma\u00f1ana, entonces los derivo para all\u00e1 o al hospital de Luj\u00e1n.<\/p>\n<p id=\"bd2e\" class=\"graf graf--p graf-after--p\"><strong class=\"markup--strong markup--p-strong\">\u2013\u00bfC\u00f3mo son las condiciones sanitarias de Lezica?<\/strong><\/p>\n<p id=\"8239\" class=\"graf graf--p graf-after--p\">\u2013La mayor\u00eda no tiene agua potable. No hay gas natural, es s\u00f3lo con garrafa. En invierno he notado muchos broncoespasmos y resfr\u00edos. En las pocas cuadras que hay agua corriente cuando se romp\u00edan los ca\u00f1os hubo un per\u00edodo en que ven\u00edan constantemente nenes y mam\u00e1s con s\u00edntomas de gastroenteritis. As\u00ed que tambi\u00e9n hacemos de agentes sanitarios porque me tuve que contactar con la municipalidad y explicarle lo que estaba pasando y, efectivamente, cuando solucionaron el problema de los ca\u00f1os no volv\u00ed a ver esos s\u00edntomas.<\/p>\n<p id=\"4213\" class=\"graf graf--p graf-after--p\">Bariloche es una ciudad que re\u00fane las caracter\u00edsticas de un centro tur\u00edstico con los de cualquier ciudad mediana y sus contradicciones sociales. Fabricio Giraudo es el farmac\u00e9utico que lidera la farmacia Nueva Brown, cerca del centro, con una poblaci\u00f3n de clase media y un gran hotel dirigido al turismo. Proveniente de La Pampa, Giraudo estudi\u00f3 Farmacia en San Luis. Recibido en plena crisis de 2001, hace 16 se dedica al oficio en la localidad.<\/p>\n<p id=\"fef3\" class=\"graf graf--p graf-after--p\">\u2013Hay muchos jubilados, tambi\u00e9n. La gente busca una buena atenci\u00f3n y sentirse en confianza. A veces vienen sin la receta porque el m\u00e9dico no los atendi\u00f3, pero al conocerlos, como vienen siempre, le damos el medicamento y luego traen la receta. Al tener una relaci\u00f3n personal, conocemos si hubo cambios en la medicaci\u00f3n, si la persona se equivoc\u00f3 en la prescripci\u00f3n o el m\u00e9dico no tom\u00f3 alguna caracter\u00edstica del paciente.<\/p>\n<p id=\"42f3\" class=\"graf graf--p graf-after--p\"><strong class=\"markup--strong markup--p-strong\">\u2013\u00bfY los turistas?<\/strong><\/p>\n<p id=\"85c6\" class=\"graf graf--p graf-after--p\">\u2013Vienen mucho buscando antiinflamatorios despu\u00e9s de las excursiones al cerro. Si tienen lesiones leves, los podemos ayudar tambi\u00e9n. La mayor parte de las veces en estos casos no es necesario que lleguen a la consulta m\u00e9dica. Hay muchos que dicen: \u201cVoy a la nieve, no llevo protector solar\u201d y con el resplandor de la nieve terminan muy quemados. M\u00e1s all\u00e1 de este momento de crisis, mucha gente de Chile viene a comprar ac\u00e1 medicamentos. Como s\u00f3lo hay dos grandes cadenas, monopolizan los precios de los medicamentos.<\/p>\n<p id=\"b57e\" class=\"graf graf--p graf-after--p\">Marcela Coretti dirige la farmacia Quilmes \u2013llamada as\u00ed en honor a su localidad de origen\u2013, situada en un barrio alto llamado Gurilocho (\u201cgente detr\u00e1s de la monta\u00f1a\u201d, en mapuche), donde su poblaci\u00f3n pertenece a los sectores laboriosos y medios bajos de la ciudad. Tambi\u00e9n, cerca, existen asentamientos precarios. \u201cSer farmac\u00e9utico es dar un servicio \u2013afirma\u2013. Todos somos agentes primarios de salud, resolvemos la primera situaci\u00f3n. En esta zona de Bariloche tambi\u00e9n actuamos en red, mediante un whatsapp. Porque hay veces que el paciente puede esperar hasta el d\u00eda siguiente si yo no tengo el medicamento que necesita, pero si lo necesita urgente nos preguntamos entre nosotros qui\u00e9n lo tiene para ir a buscarlo y luego lo reponemos. La farmacia es un comercio pero atendido por un profesional con una \u00e9tica. Yo no estudi\u00e9 cinco a\u00f1os en la universidad para bajar un medicamento de un estante y que el paciente me d\u00e9 diez pesos. Ac\u00e1 nos conocemos de a\u00f1os, entonces a veces sabemos mejor las incompatibilidades de los pacientes que los m\u00e9dicos a los que recurren por primera vez. Conocemos las reacciones al\u00e9rgicas. Me gano la vida dispensando medicamentos, pero no soy una comerciante\u201d.<\/p>\n<figure id=\"3107\" class=\"graf graf--figure graf-after--p\">\n<div class=\"aspectRatioPlaceholder is-locked\">\n<div class=\"aspectRatioPlaceholder-fill\"><\/div>\n<div class=\"progressiveMedia js-progressiveMedia graf-image is-canvasLoaded is-imageLoaded\" data-image-id=\"1*NPNwt39qzmb9a--6rIoBTw.jpeg\" data-width=\"4032\" data-height=\"3016\" data-action=\"zoom\" data-action-value=\"1*NPNwt39qzmb9a--6rIoBTw.jpeg\" data-scroll=\"native\"><canvas class=\"progressiveMedia-canvas js-progressiveMedia-canvas\" width=\"75\" height=\"55\"><\/canvas><img decoding=\"async\" class=\"progressiveMedia-image js-progressiveMedia-image\" src=\"https:\/\/cdn-images-1.medium.com\/max\/1600\/1*NPNwt39qzmb9a--6rIoBTw.jpeg\" data-src=\"https:\/\/cdn-images-1.medium.com\/max\/1600\/1*NPNwt39qzmb9a--6rIoBTw.jpeg\" \/><\/div>\n<\/div><figcaption class=\"imageCaption\">Marcela Coretti y la farmacia Quilmes, en la nieve de los barrios alejados del centro de Bariloche.<\/figcaption><\/figure>\n<p id=\"b9f7\" class=\"graf graf--p graf-after--figure\">En el barrio donde Coretti instal\u00f3 su farmacia las condiciones de vida son m\u00e1s duras que en el centro de la ciudad. Este cronista ascendi\u00f3 hasta all\u00ed desde la costa del Nahuel Huapi, con viento fr\u00edo, pero para llegar a la farmacia debi\u00f3 pisar y hundir los pies en la nieve. \u201cTambi\u00e9n hay muchos choques en esta avenida, que es muy transitada. De pronto, me gritan: \u2018\u00a1Marcela, un choque!\u2019 y yo salgo con el tensi\u00f3metro para dar los primeros auxilios. Viene mucha gente por una primera atenci\u00f3n luego de un accidente de trabajo: hay muchos carpinter\u00edas, talleres donde se pueden producir inconvenientes y este es el primer lugar donde recurre el afectado\u201d.<\/p>\n<p id=\"d4cf\" class=\"graf graf--p graf-after--p graf--trailing\">Estela Rico instal\u00f3 la farmacia El c\u00f3ndor, en Lomas de Zamora, en 1983. \u201cHe pasado por un mont\u00f3n de gobiernos y un mont\u00f3n de crisis, desde la hiperinflaci\u00f3n a la crisis del 2001 \u2013dice\u2013. Mi marido, que trabaja en un laboratorio, es farmac\u00e9utico tambi\u00e9n, nos conocimos en la facultad. Soy, adem\u00e1s de farmac\u00e9utica, una vecina m\u00e1s del barrio. Los pacientes, para m\u00ed son pacientes y no clientes, vienen a preguntarme con confianza. A veces no entendieron bien al m\u00e9dico como tomar el medicamento, entonces aconsejo, verifico si tienen incompatibilidad con la droga. Muchas veces vienen a preguntar y los mando al m\u00e9dico, no les vendo sin esa visita al profesional y duermo con la conciencia tranquila. En todo este tiempo he visto a familias cuyas cabezas antes eran padres, ahora son abuelos y la que era la hija viene a buscar el medicamento para los hijos, es decir, sus nietos. Estar cerca nos permite conocer a los pacientes. Siempre viene una se\u00f1ora y me dice al entrar: \u2018La que me salv\u00f3 la vida\u2019. Ella es al\u00e9rgica y el m\u00e9dico le hab\u00eda recetado una inyecci\u00f3n. Sabiendo que era al\u00e9rgica a ese medicamento le dije que no se la colocara, que le iba a hacer mal. Luego fue a su m\u00e9dico de cabecera, que le dijo que por suerte no se le hab\u00eda inyectado esa droga. Cosas as\u00ed ocurren todo el tiempo: formamos parte de la vida de la comunidad\u201d. La llaman al mostrador. Una paciente de a\u00f1os esperaba que terminara el di\u00e1logo para hacerle una consulta acerca de una receta.<\/p>\n","protected":false},"excerpt":{"rendered":"<p>\u00bfPodr\u00eda cualquier persona francesa pensar en un Par\u00eds sin panader\u00edas donde comprar baguettes, queser\u00edas con sus centenares de variedades de queso, sin los caf\u00e9s del Quartier Latin encendidos por la concurrencia durante las tardes y el anochecer? Existen instituciones que no s\u00f3lo se\u00f1alan una tradici\u00f3n, sino que implican rasgos de una personalidad nacional. \u00bfY en [&#8230;]\n","protected":false},"author":2,"featured_media":0,"comment_status":"open","ping_status":"open","sticky":false,"template":"","format":"standard","meta":{"footnotes":""},"categories":[71],"tags":[],"class_list":["post-2094","post","type-post","status-publish","format-standard","hentry","category-noticias"],"_links":{"self":[{"href":"https:\/\/cofarco.com.ar\/ar\/wp-json\/wp\/v2\/posts\/2094","targetHints":{"allow":["GET"]}}],"collection":[{"href":"https:\/\/cofarco.com.ar\/ar\/wp-json\/wp\/v2\/posts"}],"about":[{"href":"https:\/\/cofarco.com.ar\/ar\/wp-json\/wp\/v2\/types\/post"}],"author":[{"embeddable":true,"href":"https:\/\/cofarco.com.ar\/ar\/wp-json\/wp\/v2\/users\/2"}],"replies":[{"embeddable":true,"href":"https:\/\/cofarco.com.ar\/ar\/wp-json\/wp\/v2\/comments?post=2094"}],"version-history":[{"count":1,"href":"https:\/\/cofarco.com.ar\/ar\/wp-json\/wp\/v2\/posts\/2094\/revisions"}],"predecessor-version":[{"id":2096,"href":"https:\/\/cofarco.com.ar\/ar\/wp-json\/wp\/v2\/posts\/2094\/revisions\/2096"}],"wp:attachment":[{"href":"https:\/\/cofarco.com.ar\/ar\/wp-json\/wp\/v2\/media?parent=2094"}],"wp:term":[{"taxonomy":"category","embeddable":true,"href":"https:\/\/cofarco.com.ar\/ar\/wp-json\/wp\/v2\/categories?post=2094"},{"taxonomy":"post_tag","embeddable":true,"href":"https:\/\/cofarco.com.ar\/ar\/wp-json\/wp\/v2\/tags?post=2094"}],"curies":[{"name":"wp","href":"https:\/\/api.w.org\/{rel}","templated":true}]}}