{"id":2114,"date":"2018-11-14T15:53:01","date_gmt":"2018-11-14T15:53:01","guid":{"rendered":"http:\/\/cofarco.com.ar\/ar\/?p=2114"},"modified":"2018-11-14T17:24:13","modified_gmt":"2018-11-14T17:24:13","slug":"30-11-convocatoria-a-asambleas-general-ordinaria-y-extraordinaria","status":"publish","type":"post","link":"https:\/\/cofarco.com.ar\/ar\/2018\/11\/14\/30-11-convocatoria-a-asambleas-general-ordinaria-y-extraordinaria\/","title":{"rendered":"30\/11: Convocatoria a Asambleas General Ordinaria y Extraordinaria"},"content":{"rendered":"<p>El Directorio del Colegio de Farmac\u00e9uticos de la Provincia de Corrientes convoca a los se\u00f1ores socios a las Asambleas General Ordinaria y General Extraordinaria que tendr\u00e1n lugar el viernes 30 de noviembre, en el sal\u00f3n de usos m\u00faltiples de la sede central de la entidad, ubicada en Santa Fe 1185.<\/p>\n<p>La cita es a las 20.30, donde se dar\u00e1 lectura y se pondr\u00e1 a consideraci\u00f3n de los presentes la Memoria, Balance General, Inventario, Cuenta de gastos e Informe del \u00d3rgano de Fiscalizaci\u00f3n. Asimismo, se proceder\u00e1 a la renovaci\u00f3n parcial del Directorio, con la elecci\u00f3n de Presidente, Secretario, Vocal Titular 1\u00b0, Vocal Titular 3\u00b0, Vocal Suplente 2\u00b0 y un integrante del \u00d3rgano de Fiscalizaci\u00f3n, por finalizaci\u00f3n de mandato y por el t\u00e9rmino de dos a\u00f1os.<\/p>\n<p>Al finalizar la Asamblea General Ordinaria, se dar\u00e1 inicio a la Extraordinaria, \u00a0alrededor de las 22 horas. All\u00ed, se tratar\u00e1 el Proyecto de Modificaci\u00f3n del Estatuto del Colegio de Farmac\u00e9uticos de la Provincia de Corrientes en sus art\u00edculos 6\u00b0, 8\u00b0 inc. B), 12\u00b0, 15\u00b0, 17\u00b0 y 27\u00b0.<\/p>\n<p>&nbsp;<\/p>\n","protected":false},"excerpt":{"rendered":"<p>El Directorio del Colegio de Farmac\u00e9uticos de la Provincia de Corrientes convoca a los se\u00f1ores socios a las Asambleas General Ordinaria y General Extraordinaria que tendr\u00e1n lugar el viernes 30 de noviembre, en el sal\u00f3n de usos m\u00faltiples de la sede central de la entidad, ubicada en Santa Fe 1185. La cita es a las [&#8230;]\n","protected":false},"author":2,"featured_media":0,"comment_status":"open","ping_status":"open","sticky":false,"template":"","format":"standard","meta":{"footnotes":""},"categories":[71],"tags":[],"class_list":["post-2114","post","type-post","status-publish","format-standard","hentry","category-noticias"],"_links":{"self":[{"href":"https:\/\/cofarco.com.ar\/ar\/wp-json\/wp\/v2\/posts\/2114","targetHints":{"allow":["GET"]}}],"collection":[{"href":"https:\/\/cofarco.com.ar\/ar\/wp-json\/wp\/v2\/posts"}],"about":[{"href":"https:\/\/cofarco.com.ar\/ar\/wp-json\/wp\/v2\/types\/post"}],"author":[{"embeddable":true,"href":"https:\/\/cofarco.com.ar\/ar\/wp-json\/wp\/v2\/users\/2"}],"replies":[{"embeddable":true,"href":"https:\/\/cofarco.com.ar\/ar\/wp-json\/wp\/v2\/comments?post=2114"}],"version-history":[{"count":4,"href":"https:\/\/cofarco.com.ar\/ar\/wp-json\/wp\/v2\/posts\/2114\/revisions"}],"predecessor-version":[{"id":2120,"href":"https:\/\/cofarco.com.ar\/ar\/wp-json\/wp\/v2\/posts\/2114\/revisions\/2120"}],"wp:attachment":[{"href":"https:\/\/cofarco.com.ar\/ar\/wp-json\/wp\/v2\/media?parent=2114"}],"wp:term":[{"taxonomy":"category","embeddable":true,"href":"https:\/\/cofarco.com.ar\/ar\/wp-json\/wp\/v2\/categories?post=2114"},{"taxonomy":"post_tag","embeddable":true,"href":"https:\/\/cofarco.com.ar\/ar\/wp-json\/wp\/v2\/tags?post=2114"}],"curies":[{"name":"wp","href":"https:\/\/api.w.org\/{rel}","templated":true}]}}