{"id":21191,"date":"2025-07-29T10:39:32","date_gmt":"2025-07-29T13:39:32","guid":{"rendered":"https:\/\/cofarco.com.ar\/ar\/?p=21191"},"modified":"2025-07-29T10:39:32","modified_gmt":"2025-07-29T13:39:32","slug":"participa-del-congreso-farmaceutico-argentino-2025","status":"publish","type":"post","link":"https:\/\/cofarco.com.ar\/ar\/2025\/07\/29\/participa-del-congreso-farmaceutico-argentino-2025\/","title":{"rendered":"\u00a1Particip\u00e1 del Congreso Farmac\u00e9utico Argentino 2025!"},"content":{"rendered":"<p data-start=\"221\" data-end=\"484\">El Colegio de Farmac\u00e9uticos de Corrientes invita a todos los colegas a ser parte del <strong data-start=\"306\" data-end=\"346\">XXXI Congreso Farmac\u00e9utico Argentino<\/strong>, que se desarrollar\u00e1 del <strong data-start=\"372\" data-end=\"402\">9 al 11 de octubre de 2025<\/strong> en la ciudad de <strong data-start=\"419\" data-end=\"435\">Buenos Aires<\/strong>, en el marco del <strong data-start=\"453\" data-end=\"483\">90\u00b0 Aniversario de la COFA<\/strong>.<\/p>\n<p data-start=\"486\" data-end=\"723\">Bajo el lema <em data-start=\"499\" data-end=\"568\">\u201c2025: A\u00f1o de la Farmacia Asistencial. Tu salud, nuestra prioridad\u201d<\/em>, este importante encuentro nacional reunir\u00e1 a profesionales de toda la Argentina para reflexionar sobre el presente y futuro de la profesi\u00f3n farmac\u00e9utica.<\/p>\n<p data-start=\"725\" data-end=\"848\">El programa incluye <strong data-start=\"745\" data-end=\"811\">conferencias magistrales, mesas redondas, talleres y simposios<\/strong>, que abordar\u00e1n tem\u00e1ticas clave como:<\/p>\n<ul data-start=\"850\" data-end=\"1182\">\n<li data-start=\"850\" data-end=\"889\">\n<p data-start=\"852\" data-end=\"889\">Farmacia comunitaria y hospitalaria<\/p>\n<\/li>\n<li data-start=\"890\" data-end=\"912\">\n<p data-start=\"892\" data-end=\"912\">Cannabis medicinal<\/p>\n<\/li>\n<li data-start=\"913\" data-end=\"962\">\n<p data-start=\"915\" data-end=\"962\">Atenci\u00f3n farmac\u00e9utica y liderazgo profesional<\/p>\n<\/li>\n<li data-start=\"963\" data-end=\"1009\">\n<p data-start=\"965\" data-end=\"1009\">Formulaciones magistrales y nanotecnolog\u00eda<\/p>\n<\/li>\n<li data-start=\"1010\" data-end=\"1078\">\n<p data-start=\"1012\" data-end=\"1078\">Salud digital, inteligencia artificial y comunicaci\u00f3n cient\u00edfica<\/p>\n<\/li>\n<li data-start=\"1079\" data-end=\"1129\">\n<p data-start=\"1081\" data-end=\"1129\">Log\u00edstica, legislaci\u00f3n y ejercicio profesional<\/p>\n<\/li>\n<li data-start=\"1130\" data-end=\"1182\">\n<p data-start=\"1132\" data-end=\"1182\">Nutrici\u00f3n, dermocosm\u00e9tica y medicina del bienestar<\/p>\n<\/li>\n<\/ul>\n<p data-start=\"1184\" data-end=\"1394\">Adem\u00e1s, quienes deseen visibilizar sus aportes podr\u00e1n participar presentando <strong data-start=\"1261\" data-end=\"1286\">e-p\u00f3sters cient\u00edficos<\/strong>, una oportunidad para compartir investigaciones, casos cl\u00ednicos y experiencias con colegas de todo el pa\u00eds.<\/p>\n<p data-start=\"1396\" data-end=\"1582\">\ud83d\udcc4 Ya se encuentra disponible el <strong data-start=\"1429\" data-end=\"1452\">programa preliminar<\/strong> con las principales actividades del evento.\n<div class=\"gde-error\">GDE Error: Error al recuperar el fichero. Si es necesario, desactiva la comprobaci\u00f3n de errores (404:Not Found)<\/div>\n\n<p data-start=\"1584\" data-end=\"1693\">\ud83d\udcdd Para m\u00e1s informaci\u00f3n e inscripciones: <a class=\"\" href=\"https:\/\/congreso2025.cofa.org.ar\" target=\"_new\" rel=\"noopener\" data-start=\"1625\" data-end=\"1693\">https:\/\/congreso2025.cofa.org.ar<\/a><\/p>\n<p data-start=\"1695\" data-end=\"1890\">Desde el Colegio, alentamos a nuestros matriculados y matriculadas a participar de esta propuesta que celebra la evoluci\u00f3n, resiliencia y compromiso del farmac\u00e9utico con la salud de la comunidad.<\/p>\n<p data-start=\"1892\" data-end=\"1922\"><strong data-start=\"1892\" data-end=\"1922\">\u00a1Nos vemos en el Congreso!<\/strong><\/p>\n","protected":false},"excerpt":{"rendered":"<p>El Colegio de Farmac\u00e9uticos de Corrientes invita a todos los colegas a ser parte del XXXI Congreso Farmac\u00e9utico Argentino, que se desarrollar\u00e1 del 9 al 11 de octubre de 2025 en la ciudad de Buenos Aires, en el marco del 90\u00b0 Aniversario de la COFA. Bajo el lema \u201c2025: A\u00f1o de la Farmacia Asistencial. Tu [&#8230;]\n","protected":false},"author":2,"featured_media":0,"comment_status":"closed","ping_status":"closed","sticky":false,"template":"","format":"standard","meta":{"footnotes":""},"categories":[68],"tags":[],"class_list":["post-21191","post","type-post","status-publish","format-standard","hentry","category-cursos"],"_links":{"self":[{"href":"https:\/\/cofarco.com.ar\/ar\/wp-json\/wp\/v2\/posts\/21191","targetHints":{"allow":["GET"]}}],"collection":[{"href":"https:\/\/cofarco.com.ar\/ar\/wp-json\/wp\/v2\/posts"}],"about":[{"href":"https:\/\/cofarco.com.ar\/ar\/wp-json\/wp\/v2\/types\/post"}],"author":[{"embeddable":true,"href":"https:\/\/cofarco.com.ar\/ar\/wp-json\/wp\/v2\/users\/2"}],"replies":[{"embeddable":true,"href":"https:\/\/cofarco.com.ar\/ar\/wp-json\/wp\/v2\/comments?post=21191"}],"version-history":[{"count":1,"href":"https:\/\/cofarco.com.ar\/ar\/wp-json\/wp\/v2\/posts\/21191\/revisions"}],"predecessor-version":[{"id":21195,"href":"https:\/\/cofarco.com.ar\/ar\/wp-json\/wp\/v2\/posts\/21191\/revisions\/21195"}],"wp:attachment":[{"href":"https:\/\/cofarco.com.ar\/ar\/wp-json\/wp\/v2\/media?parent=21191"}],"wp:term":[{"taxonomy":"category","embeddable":true,"href":"https:\/\/cofarco.com.ar\/ar\/wp-json\/wp\/v2\/categories?post=21191"},{"taxonomy":"post_tag","embeddable":true,"href":"https:\/\/cofarco.com.ar\/ar\/wp-json\/wp\/v2\/tags?post=21191"}],"curies":[{"name":"wp","href":"https:\/\/api.w.org\/{rel}","templated":true}]}}