{"id":2144,"date":"2018-12-04T16:44:45","date_gmt":"2018-12-04T16:44:45","guid":{"rendered":"http:\/\/cofarco.com.ar\/ar\/?p=2144"},"modified":"2018-12-04T16:44:45","modified_gmt":"2018-12-04T16:44:45","slug":"farmaceuticos-renovaron-autoridades-y-votaron-por-la-reforma-del-estatuto","status":"publish","type":"post","link":"https:\/\/cofarco.com.ar\/ar\/2018\/12\/04\/farmaceuticos-renovaron-autoridades-y-votaron-por-la-reforma-del-estatuto\/","title":{"rendered":"Farmac\u00e9uticos renovaron autoridades y votaron por la reforma del Estatuto"},"content":{"rendered":"<p>El viernes 30 de noviembre se realiz\u00f3 la Asamblea General Ordinaria del Colegio de Farmac\u00e9uticos de la Provincia de Corrientes (COFARCO). All\u00ed se aprob\u00f3 por unanimidad la Memoria Balance y se vot\u00f3 la renovaci\u00f3n parcial del Directorio.<\/p>\n<p>La reuni\u00f3n comenz\u00f3 a las 21.30, en el sal\u00f3n de usos m\u00faltiples de la sede central de la entidad, ubicada en Santa Fe 1186. En primer lugar se puso a consideraci\u00f3n de los presentes la Memoria, Balance General, Inventario, Cuentas de gastos e Informe del \u00d3rgano de Fiscalizaci\u00f3n.<\/p>\n<p>Luego, se vot\u00f3 para el cambio parcial del Directorio, eligiendo para renovar su mandato a la actual presidente del Colegio, farmac\u00e9utica Desire\u00e9 Lancelle Monferrer, quien estar\u00e1 al frente de la instituci\u00f3n por dos a\u00f1os m\u00e1s. Adem\u00e1s, se renov\u00f3 el cargo de Secretar\u00eda, quedando a cargo la farmac\u00e9utica Diana Grilli. Como Vocales titulares 1\u00b0 y 3\u00b0 quedaron los farmac\u00e9uticos Julio Fridman y Gonzalo Mar\u00edn; como Vocal suplente 2\u00b0, Augusto Rius; y para integrar el \u00d3rgano de Fiscalizaci\u00f3n, Horacio Esteban Leale.<\/p>\n<p>Al finalizar, se celebr\u00f3 la Asamblea General Extraordinaria que fue convocada con el prop\u00f3sito de Reformar algunos art\u00edculos del Estatuto del Colegio de Farmac\u00e9uticos de Corrientes. Los asistentes votaron a favor del proyecto presentado.<\/p>\n<p><img fetchpriority=\"high\" decoding=\"async\" class=\"alignnone size-medium wp-image-2145\" src=\"https:\/\/cofarco.com.ar\/ar\/wp-content\/uploads\/2018\/12\/IMG_4477-516x400.jpg\" alt=\"\" width=\"516\" height=\"400\" \/> <img decoding=\"async\" class=\"alignnone size-medium wp-image-2146\" src=\"https:\/\/cofarco.com.ar\/ar\/wp-content\/uploads\/2018\/12\/IMG_4478-488x400.jpg\" alt=\"\" width=\"488\" height=\"400\" \/> <img decoding=\"async\" class=\"alignnone size-medium wp-image-2147\" src=\"https:\/\/cofarco.com.ar\/ar\/wp-content\/uploads\/2018\/12\/IMG_4479-555x400.jpg\" alt=\"\" width=\"555\" height=\"400\" \/> <img loading=\"lazy\" decoding=\"async\" class=\"alignnone size-medium wp-image-2148\" src=\"https:\/\/cofarco.com.ar\/ar\/wp-content\/uploads\/2018\/12\/IMG_4480-547x400.jpg\" alt=\"\" width=\"547\" height=\"400\" \/> <img loading=\"lazy\" decoding=\"async\" class=\"alignnone size-medium wp-image-2149\" src=\"https:\/\/cofarco.com.ar\/ar\/wp-content\/uploads\/2018\/12\/IMG_4483-542x400.jpg\" alt=\"\" width=\"542\" height=\"400\" \/><\/p>\n","protected":false},"excerpt":{"rendered":"<p>El viernes 30 de noviembre se realiz\u00f3 la Asamblea General Ordinaria del Colegio de Farmac\u00e9uticos de la Provincia de Corrientes (COFARCO). All\u00ed se aprob\u00f3 por unanimidad la Memoria Balance y se vot\u00f3 la renovaci\u00f3n parcial del Directorio. La reuni\u00f3n comenz\u00f3 a las 21.30, en el sal\u00f3n de usos m\u00faltiples de la sede central de la [&#8230;]\n","protected":false},"author":2,"featured_media":0,"comment_status":"open","ping_status":"open","sticky":false,"template":"","format":"standard","meta":{"footnotes":""},"categories":[71],"tags":[],"class_list":["post-2144","post","type-post","status-publish","format-standard","hentry","category-noticias"],"_links":{"self":[{"href":"https:\/\/cofarco.com.ar\/ar\/wp-json\/wp\/v2\/posts\/2144","targetHints":{"allow":["GET"]}}],"collection":[{"href":"https:\/\/cofarco.com.ar\/ar\/wp-json\/wp\/v2\/posts"}],"about":[{"href":"https:\/\/cofarco.com.ar\/ar\/wp-json\/wp\/v2\/types\/post"}],"author":[{"embeddable":true,"href":"https:\/\/cofarco.com.ar\/ar\/wp-json\/wp\/v2\/users\/2"}],"replies":[{"embeddable":true,"href":"https:\/\/cofarco.com.ar\/ar\/wp-json\/wp\/v2\/comments?post=2144"}],"version-history":[{"count":1,"href":"https:\/\/cofarco.com.ar\/ar\/wp-json\/wp\/v2\/posts\/2144\/revisions"}],"predecessor-version":[{"id":2150,"href":"https:\/\/cofarco.com.ar\/ar\/wp-json\/wp\/v2\/posts\/2144\/revisions\/2150"}],"wp:attachment":[{"href":"https:\/\/cofarco.com.ar\/ar\/wp-json\/wp\/v2\/media?parent=2144"}],"wp:term":[{"taxonomy":"category","embeddable":true,"href":"https:\/\/cofarco.com.ar\/ar\/wp-json\/wp\/v2\/categories?post=2144"},{"taxonomy":"post_tag","embeddable":true,"href":"https:\/\/cofarco.com.ar\/ar\/wp-json\/wp\/v2\/tags?post=2144"}],"curies":[{"name":"wp","href":"https:\/\/api.w.org\/{rel}","templated":true}]}}