{"id":21502,"date":"2025-09-03T18:07:46","date_gmt":"2025-09-03T21:07:46","guid":{"rendered":"https:\/\/cofarco.com.ar\/ar\/?p=21502"},"modified":"2025-09-11T20:52:31","modified_gmt":"2025-09-11T23:52:31","slug":"celebramos-80-anos-de-historia-y-compromiso-con-la-profesion-farmaceutica","status":"publish","type":"post","link":"https:\/\/cofarco.com.ar\/ar\/2025\/09\/03\/celebramos-80-anos-de-historia-y-compromiso-con-la-profesion-farmaceutica\/","title":{"rendered":"Celebramos 80 a\u00f1os de historia y compromiso con la profesi\u00f3n farmac\u00e9utica"},"content":{"rendered":"<p data-start=\"184\" data-end=\"392\">Con gran alegr\u00eda, el <strong data-start=\"205\" data-end=\"257\">Colegio de Farmac\u00e9uticos de Corrientes (COFARCO)<\/strong> invita a toda la comunidad farmac\u00e9utica a compartir una noche \u00fanica en el marco de la celebraci\u00f3n de sus <strong data-start=\"363\" data-end=\"389\">80 a\u00f1os de trayectoria<\/strong>.<\/p>\n<p data-start=\"394\" data-end=\"594\">Ser\u00e1 un momento especial para reencontrarnos, celebrar nuestra historia y proyectar juntos el futuro de la profesi\u00f3n, en un espacio pensado para el disfrute y la uni\u00f3n de colegas, familias y amigos.<\/p>\n<p data-start=\"596\" data-end=\"850\"><strong data-start=\"596\" data-end=\"606\">Fecha:<\/strong> S\u00e1bado 27 de septiembre de 2025<br data-start=\"638\" data-end=\"641\" \/><strong data-start=\"641\" data-end=\"650\">Hora:<\/strong> 21:30 hs<br data-start=\"659\" data-end=\"662\" \/><strong data-start=\"662\" data-end=\"672\">Lugar:<\/strong> FLIPA CLUB \u2013 Complejo Circuito Mola<br data-start=\"708\" data-end=\"711\" \/>(La Madrid &amp; Av. Costanera Juan Pablo II, Corrientes Capital)<br data-start=\"772\" data-end=\"775\" \/><a class=\"decorated-link\" href=\"https:\/\/maps.app.goo.gl\/RKsWLj8147b7D11W9?utm_source=chatgpt.com\" target=\"_new\" rel=\"noopener\" data-start=\"775\" data-end=\"848\">Ver ubicaci\u00f3n en Google Maps<\/a><\/p>\n<p data-start=\"709\" data-end=\"733\"><strong data-start=\"709\" data-end=\"731\">Costo de entradas:<\/strong><\/p>\n<ul data-start=\"734\" data-end=\"823\">\n<li data-start=\"734\" data-end=\"789\">\n<p data-start=\"736\" data-end=\"789\">Adultos (socios, no socios y acompa\u00f1antes): $40.000<\/p>\n<\/li>\n<li data-start=\"790\" data-end=\"823\">\n<p data-start=\"792\" data-end=\"823\">Ni\u00f1os de 6 a 12 a\u00f1os: $20.000<\/p>\n<\/li>\n<\/ul>\n<p data-start=\"825\" data-end=\"953\"><strong data-start=\"825\" data-end=\"845\">Puntos de venta:<\/strong><br data-start=\"845\" data-end=\"848\" \/>Las tarjetas se pueden adquirir directamente en la sede del <strong data-start=\"908\" data-end=\"950\">Colegio de Farmac\u00e9uticos de Corrientes<\/strong>:<\/p>\n<ul data-start=\"954\" data-end=\"1061\">\n<li data-start=\"954\" data-end=\"983\">\n<p data-start=\"956\" data-end=\"983\">Santa Fe 1186, Corrientes<\/p>\n<\/li>\n<li data-start=\"984\" data-end=\"1027\">\n<p data-start=\"986\" data-end=\"1027\">Tel\u00e9fonos fijos: 0379 4425707 \/ 4426749<\/p>\n<\/li>\n<li data-start=\"1028\" data-end=\"1061\">\n<p data-start=\"1030\" data-end=\"1061\">Celular\/WhatsApp: 3795 389229<\/p>\n<\/li>\n<\/ul>\n<p data-start=\"1063\" data-end=\"1225\"><strong data-start=\"1063\" data-end=\"1078\">Importante:<\/strong> Por cuestiones organizativas y de disponibilidad del lugar, el \u00faltimo d\u00eda para adquirir las tarjetas ser\u00e1 el <strong data-start=\"1188\" data-end=\"1222\">lunes 22 de septiembre de 2025<\/strong>.<\/p>\n<p data-start=\"1227\" data-end=\"1441\">Durante la velada, se realizar\u00e1 un <strong data-start=\"1262\" data-end=\"1369\">reconocimiento especial a colegas asociados de toda la Provincia que cumplen 25 a\u00f1os o m\u00e1s de profesi\u00f3n<\/strong>, homenajeando su trayectoria y compromiso con la farmacia correntina.<\/p>\n<p data-start=\"1443\" data-end=\"1560\">Ser\u00e1 una ocasi\u00f3n \u00fanica para reencontrarnos, celebrar nuestra historia y proyectar juntos el futuro de la profesi\u00f3n.<\/p>\n<p data-start=\"1562\" data-end=\"1621\">Atentamente,<br data-start=\"1574\" data-end=\"1577\" \/><strong data-start=\"1577\" data-end=\"1619\">Colegio de Farmac\u00e9uticos de Corrientes<\/strong><\/p>\n<p data-start=\"1155\" data-end=\"1304\"><img fetchpriority=\"high\" decoding=\"async\" class=\"alignnone size-full wp-image-21486\" src=\"https:\/\/cofarco.com.ar\/ar\/wp-content\/uploads\/2025\/09\/Cofarco-80-anos-1.jpg\" alt=\"\" width=\"640\" height=\"360\" \/><\/p>\n","protected":false},"excerpt":{"rendered":"<p>Con gran alegr\u00eda, el Colegio de Farmac\u00e9uticos de Corrientes (COFARCO) invita a toda la comunidad farmac\u00e9utica a compartir una noche \u00fanica en el marco de la celebraci\u00f3n de sus 80 a\u00f1os de trayectoria. Ser\u00e1 un momento especial para reencontrarnos, celebrar nuestra historia y proyectar juntos el futuro de la profesi\u00f3n, en un espacio pensado para [&#8230;]\n","protected":false},"author":2,"featured_media":21486,"comment_status":"closed","ping_status":"closed","sticky":false,"template":"","format":"standard","meta":{"footnotes":""},"categories":[71],"tags":[],"class_list":["post-21502","post","type-post","status-publish","format-standard","has-post-thumbnail","hentry","category-noticias"],"_links":{"self":[{"href":"https:\/\/cofarco.com.ar\/ar\/wp-json\/wp\/v2\/posts\/21502","targetHints":{"allow":["GET"]}}],"collection":[{"href":"https:\/\/cofarco.com.ar\/ar\/wp-json\/wp\/v2\/posts"}],"about":[{"href":"https:\/\/cofarco.com.ar\/ar\/wp-json\/wp\/v2\/types\/post"}],"author":[{"embeddable":true,"href":"https:\/\/cofarco.com.ar\/ar\/wp-json\/wp\/v2\/users\/2"}],"replies":[{"embeddable":true,"href":"https:\/\/cofarco.com.ar\/ar\/wp-json\/wp\/v2\/comments?post=21502"}],"version-history":[{"count":4,"href":"https:\/\/cofarco.com.ar\/ar\/wp-json\/wp\/v2\/posts\/21502\/revisions"}],"predecessor-version":[{"id":21610,"href":"https:\/\/cofarco.com.ar\/ar\/wp-json\/wp\/v2\/posts\/21502\/revisions\/21610"}],"wp:attachment":[{"href":"https:\/\/cofarco.com.ar\/ar\/wp-json\/wp\/v2\/media?parent=21502"}],"wp:term":[{"taxonomy":"category","embeddable":true,"href":"https:\/\/cofarco.com.ar\/ar\/wp-json\/wp\/v2\/categories?post=21502"},{"taxonomy":"post_tag","embeddable":true,"href":"https:\/\/cofarco.com.ar\/ar\/wp-json\/wp\/v2\/tags?post=21502"}],"curies":[{"name":"wp","href":"https:\/\/api.w.org\/{rel}","templated":true}]}}