{"id":21557,"date":"2025-09-08T08:53:01","date_gmt":"2025-09-08T11:53:01","guid":{"rendered":"https:\/\/cofarco.com.ar\/ar\/?p=21557"},"modified":"2025-09-08T08:53:01","modified_gmt":"2025-09-08T11:53:01","slug":"oferta-laboral-co-direccion-tecnica-santa-fe","status":"publish","type":"post","link":"https:\/\/cofarco.com.ar\/ar\/2025\/09\/08\/oferta-laboral-co-direccion-tecnica-santa-fe\/","title":{"rendered":"OFERTA LABORAL- CO DIRECCION TECNICA (SANTA FE)"},"content":{"rendered":"<p>Buenos d\u00edas, Soy B\u00e1rbara Peir\u00f3, Farmac\u00e9utica de la provincia de Santa Fe, estamos en la b\u00fasqueda de un Farmac\u00e9utico para que se incorpore a nuestro equipo en co-direcci\u00f3n t\u00e9cnica. El perfil que buscamos es de un farmac\u00e9utico de preferencia hombre (de ser posible) ya que deber\u00e1 accionar una m\u00e1quina comprimidora que requiere una fuerza considerable.<br \/>\nNos dedicamos al desarrollo de f\u00f3rmulas magistrales como actividad principal, por lo que quien tome este puesto estar\u00e1 abocado al laboratorio como funci\u00f3n principal.<\/p>\n<p>CONTACTOS: Tel: 0342 4725272; Mail:\u00a0<a href=\"mailto:farmaciapeiro@gmail.com\" target=\"_blank\" rel=\"noopener\">farmaciapeiro@gmail.com<\/a>\u00a0.-<\/p>\n<p>Desde ya muchas gracias.<\/p>\n<p>Los saluda atentamente.<br \/>\nB\u00c1RBARA PEIR\u00d3 | Directora T\u00e9cnica<br \/>\nFarmac\u00e9utica.<\/p>\n","protected":false},"excerpt":{"rendered":"<p>Buenos d\u00edas, Soy B\u00e1rbara Peir\u00f3, Farmac\u00e9utica de la provincia de Santa Fe, estamos en la b\u00fasqueda de un Farmac\u00e9utico para que se incorpore a nuestro equipo en co-direcci\u00f3n t\u00e9cnica. El perfil que buscamos es de un farmac\u00e9utico de preferencia hombre (de ser posible) ya que deber\u00e1 accionar una m\u00e1quina comprimidora que requiere una fuerza considerable. [&#8230;]\n","protected":false},"author":2,"featured_media":0,"comment_status":"closed","ping_status":"closed","sticky":false,"template":"","format":"standard","meta":{"footnotes":""},"categories":[73],"tags":[],"class_list":["post-21557","post","type-post","status-publish","format-standard","hentry","category-ofertas-laborales"],"_links":{"self":[{"href":"https:\/\/cofarco.com.ar\/ar\/wp-json\/wp\/v2\/posts\/21557","targetHints":{"allow":["GET"]}}],"collection":[{"href":"https:\/\/cofarco.com.ar\/ar\/wp-json\/wp\/v2\/posts"}],"about":[{"href":"https:\/\/cofarco.com.ar\/ar\/wp-json\/wp\/v2\/types\/post"}],"author":[{"embeddable":true,"href":"https:\/\/cofarco.com.ar\/ar\/wp-json\/wp\/v2\/users\/2"}],"replies":[{"embeddable":true,"href":"https:\/\/cofarco.com.ar\/ar\/wp-json\/wp\/v2\/comments?post=21557"}],"version-history":[{"count":1,"href":"https:\/\/cofarco.com.ar\/ar\/wp-json\/wp\/v2\/posts\/21557\/revisions"}],"predecessor-version":[{"id":21558,"href":"https:\/\/cofarco.com.ar\/ar\/wp-json\/wp\/v2\/posts\/21557\/revisions\/21558"}],"wp:attachment":[{"href":"https:\/\/cofarco.com.ar\/ar\/wp-json\/wp\/v2\/media?parent=21557"}],"wp:term":[{"taxonomy":"category","embeddable":true,"href":"https:\/\/cofarco.com.ar\/ar\/wp-json\/wp\/v2\/categories?post=21557"},{"taxonomy":"post_tag","embeddable":true,"href":"https:\/\/cofarco.com.ar\/ar\/wp-json\/wp\/v2\/tags?post=21557"}],"curies":[{"name":"wp","href":"https:\/\/api.w.org\/{rel}","templated":true}]}}