{"id":21835,"date":"2025-10-07T12:09:57","date_gmt":"2025-10-07T15:09:57","guid":{"rendered":"https:\/\/cofarco.com.ar\/ar\/?p=21835"},"modified":"2025-10-07T12:09:57","modified_gmt":"2025-10-07T15:09:57","slug":"programa-congreso-farmaceutico-argentino-2-025","status":"publish","type":"post","link":"https:\/\/cofarco.com.ar\/ar\/2025\/10\/07\/programa-congreso-farmaceutico-argentino-2-025\/","title":{"rendered":"PROGRAMA CONGRESO FARMACEUTICO ARGENTINO 2.025"},"content":{"rendered":"<p>Buenos d\u00edas, por el presente brindamos a ustedes el programa correspondiente al XXXI Congreso Farmac\u00e9utico Argentino, el cual se llevara a cabo los d\u00edas 9, 10 y 11 de Octubre del 2.025 en la provincia de Buenos Aires.<\/p>\n<iframe src=\"\/\/docs.google.com\/viewer?url=https%3A%2F%2Fcofarco.com.ar%2Far%2Fwp-content%2Fuploads%2F2025%2F10%2FPrograma-Congreso-2025_FINALOCTUBRE-1-min.pdf&hl=es&embedded=true\" class=\"gde-frame\" style=\"width:100%; height:500px; border: none;\" scrolling=\"no\"><\/iframe>\n<p class=\"gde-text\"><a href=\"https:\/\/cofarco.com.ar\/ar\/wp-content\/uploads\/2025\/10\/Programa-Congreso-2025_FINALOCTUBRE-1-min.pdf\" class=\"gde-link\">Descargar (PDF, Desconocido)<\/a><\/p>\n<p>Sin otro particular, los saludamos atentamente.<\/p>\n<p>Colegio de Farmac\u00e9uticos de la Provincia de Corrientes (COFARCO).-<\/p>\n","protected":false},"excerpt":{"rendered":"<p>Buenos d\u00edas, por el presente brindamos a ustedes el programa correspondiente al XXXI Congreso Farmac\u00e9utico Argentino, el cual se llevara a cabo los d\u00edas 9, 10 y 11 de Octubre del 2.025 en la provincia de Buenos Aires. Sin otro particular, los saludamos atentamente. Colegio de Farmac\u00e9uticos de la Provincia de Corrientes (COFARCO).-<\/p>\n","protected":false},"author":2,"featured_media":21837,"comment_status":"closed","ping_status":"closed","sticky":false,"template":"","format":"standard","meta":{"footnotes":""},"categories":[68,71],"tags":[],"class_list":["post-21835","post","type-post","status-publish","format-standard","has-post-thumbnail","hentry","category-cursos","category-noticias"],"_links":{"self":[{"href":"https:\/\/cofarco.com.ar\/ar\/wp-json\/wp\/v2\/posts\/21835","targetHints":{"allow":["GET"]}}],"collection":[{"href":"https:\/\/cofarco.com.ar\/ar\/wp-json\/wp\/v2\/posts"}],"about":[{"href":"https:\/\/cofarco.com.ar\/ar\/wp-json\/wp\/v2\/types\/post"}],"author":[{"embeddable":true,"href":"https:\/\/cofarco.com.ar\/ar\/wp-json\/wp\/v2\/users\/2"}],"replies":[{"embeddable":true,"href":"https:\/\/cofarco.com.ar\/ar\/wp-json\/wp\/v2\/comments?post=21835"}],"version-history":[{"count":1,"href":"https:\/\/cofarco.com.ar\/ar\/wp-json\/wp\/v2\/posts\/21835\/revisions"}],"predecessor-version":[{"id":21838,"href":"https:\/\/cofarco.com.ar\/ar\/wp-json\/wp\/v2\/posts\/21835\/revisions\/21838"}],"wp:featuredmedia":[{"embeddable":true,"href":"https:\/\/cofarco.com.ar\/ar\/wp-json\/wp\/v2\/media\/21837"}],"wp:attachment":[{"href":"https:\/\/cofarco.com.ar\/ar\/wp-json\/wp\/v2\/media?parent=21835"}],"wp:term":[{"taxonomy":"category","embeddable":true,"href":"https:\/\/cofarco.com.ar\/ar\/wp-json\/wp\/v2\/categories?post=21835"},{"taxonomy":"post_tag","embeddable":true,"href":"https:\/\/cofarco.com.ar\/ar\/wp-json\/wp\/v2\/tags?post=21835"}],"curies":[{"name":"wp","href":"https:\/\/api.w.org\/{rel}","templated":true}]}}