{"id":21882,"date":"2025-10-15T18:36:17","date_gmt":"2025-10-15T21:36:17","guid":{"rendered":"https:\/\/cofarco.com.ar\/ar\/?p=21882"},"modified":"2025-10-15T18:41:54","modified_gmt":"2025-10-15T21:41:54","slug":"octubre-es-un-mes-de-compromiso-y-accion","status":"publish","type":"post","link":"https:\/\/cofarco.com.ar\/ar\/2025\/10\/15\/octubre-es-un-mes-de-compromiso-y-accion\/","title":{"rendered":"Octubre es un mes de compromiso y acci\u00f3n"},"content":{"rendered":"<p data-start=\"204\" data-end=\"479\">En el marco del <strong data-start=\"220\" data-end=\"264\">Mes de la Lucha contra el C\u00e1ncer de Mama<\/strong>, la <strong data-start=\"269\" data-end=\"320\">Universidad Nacional del Chaco Austral (UNCAUS)<\/strong> invita a participar de la <strong data-start=\"347\" data-end=\"380\">Mesa Redonda \u201cC\u00e1ncer de Mama\u201d<\/strong>, un espacio de sensibilizaci\u00f3n, actualizaci\u00f3n profesional y compromiso con la salud comunitaria.<\/p>\n<p data-start=\"481\" data-end=\"541\">\ud83d\udcc5 <strong data-start=\"484\" data-end=\"509\">Viernes 17 de octubre<\/strong><br data-start=\"509\" data-end=\"512\" \/>\ud83d\udccd <strong data-start=\"515\" data-end=\"541\">Hall de la Universidad<\/strong><\/p>\n<h3 data-start=\"543\" data-end=\"560\">Actividades<\/h3>\n<p data-start=\"561\" data-end=\"651\"><strong data-start=\"564\" data-end=\"583\">9:30 a 11:30 hs<\/strong> \u2013 Disertaci\u00f3n compartida<br data-start=\"608\" data-end=\"611\" \/><strong data-start=\"614\" data-end=\"634\">16:00 a 18:00 hs<\/strong> \u2013 Mesa Redonda<\/p>\n<p data-start=\"653\" data-end=\"1092\"><strong data-start=\"653\" data-end=\"677\">Temas y disertantes:<\/strong><br data-start=\"677\" data-end=\"680\" \/>\u2022 <em data-start=\"682\" data-end=\"708\">Generalidades del c\u00e1ncer<\/em> \u2013 Dra. <strong data-start=\"716\" data-end=\"751\">Ojeda Machuca Silvana Elisabeth<\/strong>, m\u00e9dica cirujana especialista en tocoginecolog\u00eda.<br data-start=\"801\" data-end=\"804\" \/>\u2022 <em data-start=\"806\" data-end=\"895\">Seguimiento f\u00e1rmaco-terap\u00e9utico en el paciente oncol\u00f3gico desde la farmacia comunitaria<\/em> \u2013 Farm. <strong data-start=\"904\" data-end=\"930\">Decoff Carla Antonella<\/strong>, diplomada en Farmacia Oncol\u00f3gica.<br data-start=\"965\" data-end=\"968\" \/>\u2022 <em data-start=\"970\" data-end=\"1004\">Farmacia oncol\u00f3gica hospitalaria<\/em> \u2013 Farm. <strong data-start=\"1013\" data-end=\"1039\">Guglielmone Mar\u00eda Jos\u00e9<\/strong>, especialista en Farmacia Hospitalaria Oncol\u00f3gica.<\/p>\n<p data-start=\"1094\" data-end=\"1250\">\u00a0Al finalizar, se realizar\u00e1 la <strong data-start=\"1127\" data-end=\"1154\">entrega de certificados<\/strong> a los participantes.<br data-start=\"1175\" data-end=\"1178\" \/>La actividad es <strong data-start=\"1194\" data-end=\"1206\">gratuita<\/strong> y cuenta con <strong data-start=\"1220\" data-end=\"1247\">certificaci\u00f3n acad\u00e9mica<\/strong>.<\/p>\n<p data-start=\"1252\" data-end=\"1363\">\ud83d\udc49 <strong data-start=\"1255\" data-end=\"1273\">Inscripciones:<\/strong> completar el formulario escaneando el <strong data-start=\"1312\" data-end=\"1325\">c\u00f3digo QR<\/strong> disponible en el afiche del evento.<\/p>\n<p data-start=\"1252\" data-end=\"1363\"><img fetchpriority=\"high\" decoding=\"async\" class=\"alignnone wp-image-21888\" src=\"https:\/\/cofarco.com.ar\/ar\/wp-content\/uploads\/2025\/10\/Mesa-Redonda-01-225x400.jpeg\" alt=\"\" width=\"262\" height=\"466\" srcset=\"https:\/\/cofarco.com.ar\/ar\/wp-content\/uploads\/2025\/10\/Mesa-Redonda-01-225x400.jpeg 225w, https:\/\/cofarco.com.ar\/ar\/wp-content\/uploads\/2025\/10\/Mesa-Redonda-01-450x800.jpeg 450w, https:\/\/cofarco.com.ar\/ar\/wp-content\/uploads\/2025\/10\/Mesa-Redonda-01-768x1366.jpeg 768w, https:\/\/cofarco.com.ar\/ar\/wp-content\/uploads\/2025\/10\/Mesa-Redonda-01-864x1536.jpeg 864w, https:\/\/cofarco.com.ar\/ar\/wp-content\/uploads\/2025\/10\/Mesa-Redonda-01.jpeg 899w\" sizes=\"(max-width: 262px) 100vw, 262px\" \/><\/p>\n","protected":false},"excerpt":{"rendered":"<p>En el marco del Mes de la Lucha contra el C\u00e1ncer de Mama, la Universidad Nacional del Chaco Austral (UNCAUS) invita a participar de la Mesa Redonda \u201cC\u00e1ncer de Mama\u201d, un espacio de sensibilizaci\u00f3n, actualizaci\u00f3n profesional y compromiso con la salud comunitaria. \ud83d\udcc5 Viernes 17 de octubre\ud83d\udccd Hall de la Universidad Actividades 9:30 a 11:30 [&#8230;]\n","protected":false},"author":2,"featured_media":0,"comment_status":"closed","ping_status":"closed","sticky":false,"template":"","format":"standard","meta":{"footnotes":""},"categories":[68],"tags":[],"class_list":["post-21882","post","type-post","status-publish","format-standard","hentry","category-cursos"],"_links":{"self":[{"href":"https:\/\/cofarco.com.ar\/ar\/wp-json\/wp\/v2\/posts\/21882","targetHints":{"allow":["GET"]}}],"collection":[{"href":"https:\/\/cofarco.com.ar\/ar\/wp-json\/wp\/v2\/posts"}],"about":[{"href":"https:\/\/cofarco.com.ar\/ar\/wp-json\/wp\/v2\/types\/post"}],"author":[{"embeddable":true,"href":"https:\/\/cofarco.com.ar\/ar\/wp-json\/wp\/v2\/users\/2"}],"replies":[{"embeddable":true,"href":"https:\/\/cofarco.com.ar\/ar\/wp-json\/wp\/v2\/comments?post=21882"}],"version-history":[{"count":5,"href":"https:\/\/cofarco.com.ar\/ar\/wp-json\/wp\/v2\/posts\/21882\/revisions"}],"predecessor-version":[{"id":21893,"href":"https:\/\/cofarco.com.ar\/ar\/wp-json\/wp\/v2\/posts\/21882\/revisions\/21893"}],"wp:attachment":[{"href":"https:\/\/cofarco.com.ar\/ar\/wp-json\/wp\/v2\/media?parent=21882"}],"wp:term":[{"taxonomy":"category","embeddable":true,"href":"https:\/\/cofarco.com.ar\/ar\/wp-json\/wp\/v2\/categories?post=21882"},{"taxonomy":"post_tag","embeddable":true,"href":"https:\/\/cofarco.com.ar\/ar\/wp-json\/wp\/v2\/tags?post=21882"}],"curies":[{"name":"wp","href":"https:\/\/api.w.org\/{rel}","templated":true}]}}