{"id":2196,"date":"2019-01-22T19:43:21","date_gmt":"2019-01-22T19:43:21","guid":{"rendered":"http:\/\/cofarco.com.ar\/ar\/?p=2196"},"modified":"2019-01-22T19:43:21","modified_gmt":"2019-01-22T19:43:21","slug":"convenio-pami-adhesion-sesion-pagos-pvp-y-mas","status":"publish","type":"post","link":"https:\/\/cofarco.com.ar\/ar\/2019\/01\/22\/convenio-pami-adhesion-sesion-pagos-pvp-y-mas\/","title":{"rendered":"Convenio PAMI: adhesi\u00f3n, sesi\u00f3n, pagos, PVP y m\u00e1s\u2026"},"content":{"rendered":"<p>Como es de p\u00fablico conocimiento desde el 1 de noviembre un nuevo convenio con PAMI se encuentra en vigencia para la prestaci\u00f3n de medicamentos a los jubilados. Como todo cambio, las primeras semanas fueron m\u00e1s complejas, pero<strong>\u00a0transcurridos 2 meses las nuevas disposiciones ya se encuentran funcionando y es por eso que consideramos oportuno remarcar los puntos centrales<\/strong>.<\/p>\n<p>Entre ellos se destacan que por primera vez en muchos a\u00f1os las entidades farmac\u00e9uticas pudieron firmar el convenio directamente con el PAMI, dejando de lado la administraci\u00f3n del convenio que ven\u00eda haciendo la industria farmac\u00e9utica. A partir de la firma del nuevo convenio\u00a0<strong>el administrador es PAMI y se reemplaz\u00f3 el sistema Farmalink por el sistema FarmaPAMI\u00a0<\/strong>.<\/p>\n<p>En lo que refiere al trabajo cotidiano, es importante resaltar que<strong>\u00a0existe un vadem\u00e9cum en la p\u00e1gina de COFA<\/strong>\u00a0(Ver archivo adjunto) donde\u00a0<strong>se pueden consultar los medicamentos que est\u00e1n incluidos dentro del convenio<\/strong>. La\u00a0<strong>presentaci\u00f3n de recetas es quincenal<\/strong>\u00a0y se realiza desde el sistema FarmaPAMI, donde ya\u00a0<strong>no se requiere separar las recetas por plan<\/strong>, es decir se presentan todas juntas por orden de validaci\u00f3n y sin enumerar.<\/p>\n<p>En esta oportunidad la firma del nuevo convenio requiere que\u00a0<strong>todas las farmacias<\/strong>que est\u00e9n interesadas en atender pacientes de PAMI completen una\u00a0<strong>ficha de adhesi\u00f3n al Convenio<\/strong>. La misma se debe completar y certificar la firma ante Escribano, Juez de Paz, o Entidad Bancaria con la que se opere. Cabe destacar que la ficha tambi\u00e9n contiene la posibilidad voluntaria de\u00a0<strong>cesi\u00f3n de pago a droguer\u00edas\u00a0<\/strong>que acredita una parte del efectivo directamente en la cuenta de la droguer\u00eda a nombre de la farmacia. Para la realizaci\u00f3n de este requisito la Filial puso a disposici\u00f3n de los Colegas un Escribano para que colaborara con este tr\u00e1mite.<\/p>\n<p>Sin embargo, estas no son las \u00fanicas novedades respecto al nuevo convenio. Entre los puntos centrales se destaca la modificaci\u00f3n en los plazos de los pagos. Teniendo un\u00a0<strong>anticipo del 70% del neto a cobrar a los 5 d\u00edas corridos<\/strong>\u00a0de la fecha de presentaci\u00f3n de la facturaci\u00f3n global -este anticipo incluye la nota de cr\u00e9dito del aporte de la Industria, adem\u00e1s una parte en \u00a0efectivo de PAMI- y el\u00a0<strong>saldo del 30% a los 60 d\u00edas<\/strong>\u00a0de la fecha de presentaci\u00f3n de la facturaci\u00f3n.<\/p>\n<p>En este contexto,\u00a0<strong>los pagos se han ido cumpliendo seg\u00fan lo pautado y se completar\u00e1 el pago de la primer quincena de noviembre con el pago del \u00faltimo efectivo durante la segunda quincena de enero<\/strong>.<\/p>\n<p>Asimismo, a partir de noviembre se comenz\u00f3 con la\u00a0<strong>actualizaci\u00f3n mensual de los Precios PVP PAMI por el 100% de la variaci\u00f3n del IPC\u00a0<\/strong>una vez publicado en el bolet\u00edn oficial, esta actualizaci\u00f3n se da todos los meses aproximadamente alrededor del d\u00eda 20 de cada mes. Seg\u00fan datos de la Filial durante el 2018 los precios han ido presentando la variaci\u00f3n que se detalla (Ver imagen).<\/p>\n<p>En el gr\u00e1fico se compara la evoluci\u00f3n de los precios durante el 2018 entre el \u00cdndice de Precios al Consumidor (IPC), el PVP de todos los medicamentos que se encuentran en el vadem\u00e9cum de IOMA\/PAMI, y el PVP PAMI.<\/p>\n<p>Cabe destacar que el PVP PAMI fue impuesto por PAMI en abril de 2018 donde se llevaron los precios al 28 de febrero menos un 5%. Luego fue aumentando cada 3 meses hasta el 70% del IPC acumulado de ese periodo. A partir del nuevo convenio firmado en noviembre,\u00a0<strong>el aumento es mensual y por el 100% del IPC.<\/strong><\/p>\n<p>El 70% de la diferencia entre el PVP general y el PVP PAMI es aportada por la industria farmac\u00e9utica compensado as\u00ed la diferencia en el costo del medicamento. Esta compensaci\u00f3n se emite en nota de cr\u00e9dito (CCD) en las droguer\u00edas a favor de las farmacias a los 5 d\u00edas corridos de la presentaci\u00f3n general.<\/p>\n<p>Tras dos meses de implementaci\u00f3n del nuevo convenio aun persisten algunas dudas e inconvenientes con respecto al vadem\u00e9cum, al sistema de validaci\u00f3n y cierre, a la forma de pago, etc, por lo tanto<strong>\u00a0sugerimos que ante cualquier dificultad acudan a las instituciones Filial, CFPBA, COFA, como as\u00ed tambi\u00e9n utilicen los medios de informaci\u00f3n de estas instituciones para interiorizarse sobre dicho convenio<\/strong>.<\/p>\n<p>VADEMECUM<\/p>\n\n<div class=\"gde-error\">GDE Error: Error al recuperar el fichero. Si es necesario, desactiva la comprobaci\u00f3n de errores (404:Not Found)<\/div>\n\n<p><img fetchpriority=\"high\" decoding=\"async\" class=\"alignnone size-medium wp-image-2198\" src=\"https:\/\/cofarco.com.ar\/ar\/wp-content\/uploads\/2019\/01\/PAMIs-800x316.png\" alt=\"\" width=\"800\" height=\"316\" \/><\/p>\n","protected":false},"excerpt":{"rendered":"<p>Como es de p\u00fablico conocimiento desde el 1 de noviembre un nuevo convenio con PAMI se encuentra en vigencia para la prestaci\u00f3n de medicamentos a los jubilados. Como todo cambio, las primeras semanas fueron m\u00e1s complejas, pero\u00a0transcurridos 2 meses las nuevas disposiciones ya se encuentran funcionando y es por eso que consideramos oportuno remarcar los [&#8230;]\n","protected":false},"author":2,"featured_media":0,"comment_status":"open","ping_status":"open","sticky":false,"template":"","format":"standard","meta":{"footnotes":""},"categories":[71],"tags":[],"class_list":["post-2196","post","type-post","status-publish","format-standard","hentry","category-noticias"],"_links":{"self":[{"href":"https:\/\/cofarco.com.ar\/ar\/wp-json\/wp\/v2\/posts\/2196","targetHints":{"allow":["GET"]}}],"collection":[{"href":"https:\/\/cofarco.com.ar\/ar\/wp-json\/wp\/v2\/posts"}],"about":[{"href":"https:\/\/cofarco.com.ar\/ar\/wp-json\/wp\/v2\/types\/post"}],"author":[{"embeddable":true,"href":"https:\/\/cofarco.com.ar\/ar\/wp-json\/wp\/v2\/users\/2"}],"replies":[{"embeddable":true,"href":"https:\/\/cofarco.com.ar\/ar\/wp-json\/wp\/v2\/comments?post=2196"}],"version-history":[{"count":1,"href":"https:\/\/cofarco.com.ar\/ar\/wp-json\/wp\/v2\/posts\/2196\/revisions"}],"predecessor-version":[{"id":2200,"href":"https:\/\/cofarco.com.ar\/ar\/wp-json\/wp\/v2\/posts\/2196\/revisions\/2200"}],"wp:attachment":[{"href":"https:\/\/cofarco.com.ar\/ar\/wp-json\/wp\/v2\/media?parent=2196"}],"wp:term":[{"taxonomy":"category","embeddable":true,"href":"https:\/\/cofarco.com.ar\/ar\/wp-json\/wp\/v2\/categories?post=2196"},{"taxonomy":"post_tag","embeddable":true,"href":"https:\/\/cofarco.com.ar\/ar\/wp-json\/wp\/v2\/tags?post=2196"}],"curies":[{"name":"wp","href":"https:\/\/api.w.org\/{rel}","templated":true}]}}