{"id":21962,"date":"2025-10-22T17:19:48","date_gmt":"2025-10-22T20:19:48","guid":{"rendered":"https:\/\/cofarco.com.ar\/ar\/?p=21962"},"modified":"2025-10-22T17:19:48","modified_gmt":"2025-10-22T20:19:48","slug":"la-unne-vuelve-a-contar-con-la-carrera-de-farmacia","status":"publish","type":"post","link":"https:\/\/cofarco.com.ar\/ar\/2025\/10\/22\/la-unne-vuelve-a-contar-con-la-carrera-de-farmacia\/","title":{"rendered":"La UNNE vuelve a contar con la carrera de Farmacia"},"content":{"rendered":"<p data-start=\"338\" data-end=\"618\">Nos complace compartir una excelente noticia para toda la comunidad farmac\u00e9utica: la Universidad Nacional del Nordeste (UNNE) contar\u00e1 nuevamente con la carrera de grado de <strong data-start=\"510\" data-end=\"522\">Farmacia<\/strong>, una formaci\u00f3n clave para fortalecer el desarrollo profesional y sanitario en nuestra regi\u00f3n.<\/p>\n<p data-start=\"620\" data-end=\"886\">Seg\u00fan inform\u00f3 la UNNE, la reapertura de esta carrera reviste un car\u00e1cter estrat\u00e9gico, dado que contribuir\u00e1 a incrementar el n\u00famero de profesionales farmac\u00e9uticos en la provincia y la regi\u00f3n, respondiendo a una demanda creciente del sector sanitario y farmac\u00e9utico.<\/p>\n<p data-start=\"888\" data-end=\"974\">\ud83d\udc49 En el comunicado oficial, se destac\u00f3 especialmente el rol de nuestra instituci\u00f3n:<\/p>\n<blockquote data-start=\"976\" data-end=\"1275\">\n<p data-start=\"978\" data-end=\"1275\">\u201cConsideramos que el apoyo del Colegio de Farmac\u00e9uticos de Corrientes resulta fundamental para fortalecer este proyecto, tanto por su rol en la defensa y promoci\u00f3n de la profesi\u00f3n, como por la importancia de articular esfuerzos entre las instituciones acad\u00e9micas y los organismos profesionales.\u201d<\/p>\n<\/blockquote>\n<p data-start=\"1277\" data-end=\"1455\">Desde el Colegio de Farmac\u00e9uticos de Corrientes celebramos este paso significativo, que refuerza el compromiso con la formaci\u00f3n y el ejercicio responsable de nuestra profesi\u00f3n.<\/p>\n<p data-start=\"1457\" data-end=\"1691\">Pod\u00e9s leer la nota completa en el sitio oficial de la UNNE:<br data-start=\"1516\" data-end=\"1519\" \/>\ud83d\udd17 <a class=\"decorated-link\" href=\"https:\/\/medios.unne.edu.ar\/2025\/10\/21\/la-unne-contara-nuevamente-con-la-carrera-de-grado-de-farmacia\/\" target=\"_new\" rel=\"noopener\" data-start=\"1522\" data-end=\"1689\">La UNNE contar\u00e1 nuevamente con la carrera de grado de Farmacia<\/a><\/p>\n<p data-start=\"1693\" data-end=\"1752\">Atentamente,<br data-start=\"1705\" data-end=\"1708\" \/><strong data-start=\"1708\" data-end=\"1750\">Colegio de Farmac\u00e9uticos de Corrientes<\/strong><\/p>\n","protected":false},"excerpt":{"rendered":"<p>Nos complace compartir una excelente noticia para toda la comunidad farmac\u00e9utica: la Universidad Nacional del Nordeste (UNNE) contar\u00e1 nuevamente con la carrera de grado de Farmacia, una formaci\u00f3n clave para fortalecer el desarrollo profesional y sanitario en nuestra regi\u00f3n. Seg\u00fan inform\u00f3 la UNNE, la reapertura de esta carrera reviste un car\u00e1cter estrat\u00e9gico, dado que contribuir\u00e1 [&#8230;]\n","protected":false},"author":2,"featured_media":21964,"comment_status":"closed","ping_status":"closed","sticky":false,"template":"","format":"standard","meta":{"footnotes":""},"categories":[68,71],"tags":[],"class_list":["post-21962","post","type-post","status-publish","format-standard","has-post-thumbnail","hentry","category-cursos","category-noticias"],"_links":{"self":[{"href":"https:\/\/cofarco.com.ar\/ar\/wp-json\/wp\/v2\/posts\/21962","targetHints":{"allow":["GET"]}}],"collection":[{"href":"https:\/\/cofarco.com.ar\/ar\/wp-json\/wp\/v2\/posts"}],"about":[{"href":"https:\/\/cofarco.com.ar\/ar\/wp-json\/wp\/v2\/types\/post"}],"author":[{"embeddable":true,"href":"https:\/\/cofarco.com.ar\/ar\/wp-json\/wp\/v2\/users\/2"}],"replies":[{"embeddable":true,"href":"https:\/\/cofarco.com.ar\/ar\/wp-json\/wp\/v2\/comments?post=21962"}],"version-history":[{"count":1,"href":"https:\/\/cofarco.com.ar\/ar\/wp-json\/wp\/v2\/posts\/21962\/revisions"}],"predecessor-version":[{"id":21965,"href":"https:\/\/cofarco.com.ar\/ar\/wp-json\/wp\/v2\/posts\/21962\/revisions\/21965"}],"wp:featuredmedia":[{"embeddable":true,"href":"https:\/\/cofarco.com.ar\/ar\/wp-json\/wp\/v2\/media\/21964"}],"wp:attachment":[{"href":"https:\/\/cofarco.com.ar\/ar\/wp-json\/wp\/v2\/media?parent=21962"}],"wp:term":[{"taxonomy":"category","embeddable":true,"href":"https:\/\/cofarco.com.ar\/ar\/wp-json\/wp\/v2\/categories?post=21962"},{"taxonomy":"post_tag","embeddable":true,"href":"https:\/\/cofarco.com.ar\/ar\/wp-json\/wp\/v2\/tags?post=21962"}],"curies":[{"name":"wp","href":"https:\/\/api.w.org\/{rel}","templated":true}]}}