{"id":22032,"date":"2025-10-31T19:43:00","date_gmt":"2025-10-31T22:43:00","guid":{"rendered":"https:\/\/cofarco.com.ar\/ar\/?p=22032"},"modified":"2025-10-31T19:43:00","modified_gmt":"2025-10-31T22:43:00","slug":"pago-de-obras-sociales-a-farmacias-31-10-2-025-por-favor-leer-detenidamente","status":"publish","type":"post","link":"https:\/\/cofarco.com.ar\/ar\/2025\/10\/31\/pago-de-obras-sociales-a-farmacias-31-10-2-025-por-favor-leer-detenidamente\/","title":{"rendered":"Pago de Obras Sociales a Farmacias 31\/10\/2.025 (por favor leer detenidamente)"},"content":{"rendered":"<p>El Colegio de Farmac\u00e9uticos de la Provincia de Corrientes informa que el d\u00eda 31 de Octubre del 2.025 se realiz\u00f3 el pago de las siguientes Obras Sociales:<\/p>\n<p>&#8211; Pami: SALDOS FINALES EN EFECTIVO DE LA 1\u00b0 Y 2\u00b0 QUINCENAS DE AGOSTO 2.025.-<\/p>\n<p>&#8211; OSPTV (Farmanexus): AGOSTO 2.025.-<br \/>\n&#8211; Poder Judicial: ANTICIPO DEL 70% EN EFECTIVO DE SEPTIEMBRE 2.025.-<br \/>\n&#8211; Pami Suplementos Nutricionales: 1\u00b0 Y 2\u00b0 QUINCENAS DE AGOSTO 2.025.-<\/p>\n<p>ACLARACI\u00d3N IMPORTANTE: Recordamos a todas nuestras farmacias socias prestadoras de PAMI y tal como informamos en el mail de emisi\u00f3n de notas de cr\u00e9ditos del d\u00eda 20\/10\/2.025 (al producirse la emisi\u00f3n de Notas denominadas de Anticipo Financiero), que en cumplimiento del acuerdo alcanzado con la industria farmac\u00e9utica por el anticipo financiero del saldo de la 1\u00ba quincena de Agosto 2.025 (lo mismo ocurrido con la 1\u00b0 quincena de Septiembre 2.025), tras estos pagos Farmalink deber\u00e1 emitir notas de cr\u00e9ditos en negativo (en las cuentas de las droguer\u00edas) por similares importes de las publicadas el pasado lunes 20 de octubre del 2.025 a cada farmacia que recibi\u00f3 las mismas (dado que hoy vuelven a abonar dicha quincena desde PAMI y con el procedimiento de pago que es habitual; es decir un porcentaje mayor del saldo final en efectivo a las cuentas bancarias de todas las farmacias y un porcentaje de dicho saldo en notas de cr\u00e9ditos para algunas farmacias, seg\u00fan la adhesi\u00f3n firmada por cada una).<\/p>\n<p>Se ha gestionado ante Farmalink que dicho procesamiento de notas de cr\u00e9ditos EN NEGATIVO no se produzca hasta el lunes 03 de noviembre, contando ya con su respuesta positiva a lo solicitado. De esta manera quedar\u00e1 contemplado el tiempo necesario para que los colegios que emiten pagos por distintas v\u00edas puedan llegar con ellos a las farmacias, y estas ordenar sus cuentas.<br \/>\nLo mismo ya explicado cuando se produzco el pago por parte de PAMI (por las v\u00edas habituales) del Anticipo de la 1\u00b0 quincena de Septiembre 2.025 el pasado mi\u00e9rcoles 29\/10\/2.025.<\/p>\n<p>Ante cualquier duda y\/o consulta comunicarse por favor al Colegio (COFARCO).<\/p>\n<p>Sin otro particular, saludamos a ustedes Atte.-<br \/>\nColegio de Farmac\u00e9uticos de la Provincia de Corrientes.<\/p>\n","protected":false},"excerpt":{"rendered":"<p>El Colegio de Farmac\u00e9uticos de la Provincia de Corrientes informa que el d\u00eda 31 de Octubre del 2.025 se realiz\u00f3 el pago de las siguientes Obras Sociales: &#8211; Pami: SALDOS FINALES EN EFECTIVO DE LA 1\u00b0 Y 2\u00b0 QUINCENAS DE AGOSTO 2.025.- &#8211; OSPTV (Farmanexus): AGOSTO 2.025.- &#8211; Poder Judicial: ANTICIPO DEL 70% EN EFECTIVO [&#8230;]\n","protected":false},"author":2,"featured_media":22014,"comment_status":"closed","ping_status":"closed","sticky":false,"template":"","format":"standard","meta":{"footnotes":""},"categories":[71],"tags":[],"class_list":["post-22032","post","type-post","status-publish","format-standard","has-post-thumbnail","hentry","category-noticias"],"_links":{"self":[{"href":"https:\/\/cofarco.com.ar\/ar\/wp-json\/wp\/v2\/posts\/22032","targetHints":{"allow":["GET"]}}],"collection":[{"href":"https:\/\/cofarco.com.ar\/ar\/wp-json\/wp\/v2\/posts"}],"about":[{"href":"https:\/\/cofarco.com.ar\/ar\/wp-json\/wp\/v2\/types\/post"}],"author":[{"embeddable":true,"href":"https:\/\/cofarco.com.ar\/ar\/wp-json\/wp\/v2\/users\/2"}],"replies":[{"embeddable":true,"href":"https:\/\/cofarco.com.ar\/ar\/wp-json\/wp\/v2\/comments?post=22032"}],"version-history":[{"count":1,"href":"https:\/\/cofarco.com.ar\/ar\/wp-json\/wp\/v2\/posts\/22032\/revisions"}],"predecessor-version":[{"id":22033,"href":"https:\/\/cofarco.com.ar\/ar\/wp-json\/wp\/v2\/posts\/22032\/revisions\/22033"}],"wp:featuredmedia":[{"embeddable":true,"href":"https:\/\/cofarco.com.ar\/ar\/wp-json\/wp\/v2\/media\/22014"}],"wp:attachment":[{"href":"https:\/\/cofarco.com.ar\/ar\/wp-json\/wp\/v2\/media?parent=22032"}],"wp:term":[{"taxonomy":"category","embeddable":true,"href":"https:\/\/cofarco.com.ar\/ar\/wp-json\/wp\/v2\/categories?post=22032"},{"taxonomy":"post_tag","embeddable":true,"href":"https:\/\/cofarco.com.ar\/ar\/wp-json\/wp\/v2\/tags?post=22032"}],"curies":[{"name":"wp","href":"https:\/\/api.w.org\/{rel}","templated":true}]}}