{"id":22122,"date":"2025-11-12T09:46:13","date_gmt":"2025-11-12T12:46:13","guid":{"rendered":"https:\/\/cofarco.com.ar\/ar\/?p=22122"},"modified":"2025-11-12T09:46:13","modified_gmt":"2025-11-12T12:46:13","slug":"convocatoria-asamblea-general-ordinaria-cofarco-el-dia-viernes-28-11-2-025","status":"publish","type":"post","link":"https:\/\/cofarco.com.ar\/ar\/2025\/11\/12\/convocatoria-asamblea-general-ordinaria-cofarco-el-dia-viernes-28-11-2-025\/","title":{"rendered":"CONVOCATORIA: Asamblea General Ordinaria COFARCO el d\u00eda Viernes 28\/11\/2.025"},"content":{"rendered":"<p>CONVOCATORIA \u2013 ASAMBLEA GENERAL ORDINARIA<\/p>\n<p>De acuerdo a lo resuelto en reuni\u00f3n del d\u00eda 15 de Octubre de 2.025, el Directorio del Colegio de Farmac\u00e9uticos de la Provincia de Corrientes, convoca a los se\u00f1ores asociados a la ASAMBLEA GENERAL ORDINARIA, a realizarse en la sede de la instituci\u00f3n, sita en calle Santa Fe N\u00ba 1.186 de esta ciudad, el d\u00eda Viernes 28 de Noviembre de 2.025, a las veinte (20:00) horas en primera citaci\u00f3n, y en supuesto caso de no obtenerse qu\u00f3rum a la hora de la primera citaci\u00f3n, se dar\u00e1 inicio una hora despu\u00e9s, es decir a las veinti\u00fan (21:00) horas en segunda convocatoria con los asociados presentes, cualquiera sea su n\u00famero (art\u00edculo 25), con el objeto de tratar el siguiente:<\/p>\n<p>ORDEN DEL DIA:<\/p>\n<p>1-\u00a0 Designaci\u00f3n de dos (2) socios para firmar el Acta en representaci\u00f3n de la Asamblea, conjuntamente con la Presidente y Secretaria.-<\/p>\n<p>2-\u00a0 Lectura, consideraci\u00f3n, tratamiento, aprobaci\u00f3n o modificaci\u00f3n de la memoria, balance general del ejercicio vencido, inventario, cuentas de gastos y recursos e informe del \u00d3rgano de Fiscalizaci\u00f3n del ejercicio econ\u00f3mico N\u00b0 82 (periodo 01 de Agosto del 2.024 al 31 de Julio del 2.025); copia de dicha documentaci\u00f3n se hallar\u00e1 a disposici\u00f3n y consideraci\u00f3n de los asociados con diez (10) d\u00edas de antelaci\u00f3n a la<br \/>\nfecha fijada para la celebraci\u00f3n de la Asamblea para ser retirado en la sede de la Instituci\u00f3n.<\/p>\n<p>3-\u00a0 Convocatoria a elecciones con renovaci\u00f3n parcial de autoridades para ocupar los siguientes cargos: Tesorero, Vocal Titular 2\u00b0, Vocal Suplente 1\u00b0, Vocal Suplente 3\u00b0 y un miembro del \u00d3rgano de Fiscalizaci\u00f3n por finalizaci\u00f3n de mandatos y por el t\u00e9rmino de dos (2) a\u00f1os.<\/p>\n<p>Farm. Ang\u00e9lica Aurora FAVA\u00a0 \u00a0 \u00a0 \u00a0 \u00a0 \u00a0 \u00a0Farm. Desir\u00e9e LANCELLE MONFERRER<br \/>\nSecretaria\u00a0 \u00a0 \u00a0 \u00a0 \u00a0 \u00a0 \u00a0 \u00a0 \u00a0 \u00a0 \u00a0 \u00a0 \u00a0 \u00a0 \u00a0 \u00a0 \u00a0 \u00a0 \u00a0 \u00a0 \u00a0 \u00a0 \u00a0 \u00a0 \u00a0 \u00a0 \u00a0 \u00a0 \u00a0 \u00a0Presidente<\/p>\n<iframe src=\"\/\/docs.google.com\/viewer?url=https%3A%2F%2Fcofarco.com.ar%2Far%2Fwp-content%2Fuploads%2F2025%2F11%2FCONVOCATORIA-A-ASAMBLEA-GENERAL-ORDINARIA-2.025-COFARCO.pdf&hl=es&embedded=true\" class=\"gde-frame\" style=\"width:100%; height:500px; border: none;\" scrolling=\"no\"><\/iframe>\n<p class=\"gde-text\"><a href=\"https:\/\/cofarco.com.ar\/ar\/wp-content\/uploads\/2025\/11\/CONVOCATORIA-A-ASAMBLEA-GENERAL-ORDINARIA-2.025-COFARCO.pdf\" class=\"gde-link\">Descargar (PDF, Desconocido)<\/a><\/p>\n<p>Santa F\u00e9 1.186-TEL0379-4425707\/<a href=\"mailto:4426749-colfarmaceuticosctes@cofarco.com.ar\" target=\"_blank\" rel=\"noopener\">4426749<\/a><\/p>\n<p><a href=\"mailto:4426749-colfarmaceuticosctes@cofarco.com.ar\" target=\"_blank\" rel=\"noopener\">colfarmaceuticosctes@cofarco.<wbr \/>com.ar<\/a><\/p>\n<p>3.400 &#8211; CORRIENTES<\/p>\n","protected":false},"excerpt":{"rendered":"<p>CONVOCATORIA \u2013 ASAMBLEA GENERAL ORDINARIA De acuerdo a lo resuelto en reuni\u00f3n del d\u00eda 15 de Octubre de 2.025, el Directorio del Colegio de Farmac\u00e9uticos de la Provincia de Corrientes, convoca a los se\u00f1ores asociados a la ASAMBLEA GENERAL ORDINARIA, a realizarse en la sede de la instituci\u00f3n, sita en calle Santa Fe N\u00ba 1.186 [&#8230;]\n","protected":false},"author":2,"featured_media":268,"comment_status":"closed","ping_status":"closed","sticky":false,"template":"","format":"standard","meta":{"footnotes":""},"categories":[71],"tags":[],"class_list":["post-22122","post","type-post","status-publish","format-standard","has-post-thumbnail","hentry","category-noticias"],"_links":{"self":[{"href":"https:\/\/cofarco.com.ar\/ar\/wp-json\/wp\/v2\/posts\/22122","targetHints":{"allow":["GET"]}}],"collection":[{"href":"https:\/\/cofarco.com.ar\/ar\/wp-json\/wp\/v2\/posts"}],"about":[{"href":"https:\/\/cofarco.com.ar\/ar\/wp-json\/wp\/v2\/types\/post"}],"author":[{"embeddable":true,"href":"https:\/\/cofarco.com.ar\/ar\/wp-json\/wp\/v2\/users\/2"}],"replies":[{"embeddable":true,"href":"https:\/\/cofarco.com.ar\/ar\/wp-json\/wp\/v2\/comments?post=22122"}],"version-history":[{"count":1,"href":"https:\/\/cofarco.com.ar\/ar\/wp-json\/wp\/v2\/posts\/22122\/revisions"}],"predecessor-version":[{"id":22123,"href":"https:\/\/cofarco.com.ar\/ar\/wp-json\/wp\/v2\/posts\/22122\/revisions\/22123"}],"wp:featuredmedia":[{"embeddable":true,"href":"https:\/\/cofarco.com.ar\/ar\/wp-json\/wp\/v2\/media\/268"}],"wp:attachment":[{"href":"https:\/\/cofarco.com.ar\/ar\/wp-json\/wp\/v2\/media?parent=22122"}],"wp:term":[{"taxonomy":"category","embeddable":true,"href":"https:\/\/cofarco.com.ar\/ar\/wp-json\/wp\/v2\/categories?post=22122"},{"taxonomy":"post_tag","embeddable":true,"href":"https:\/\/cofarco.com.ar\/ar\/wp-json\/wp\/v2\/tags?post=22122"}],"curies":[{"name":"wp","href":"https:\/\/api.w.org\/{rel}","templated":true}]}}