{"id":22182,"date":"2025-11-17T10:41:08","date_gmt":"2025-11-17T13:41:08","guid":{"rendered":"https:\/\/cofarco.com.ar\/ar\/?p=22182"},"modified":"2025-11-17T10:41:08","modified_gmt":"2025-11-17T13:41:08","slug":"se-necesita-profesional-farmaceutico-para-corrientes-capital","status":"publish","type":"post","link":"https:\/\/cofarco.com.ar\/ar\/2025\/11\/17\/se-necesita-profesional-farmaceutico-para-corrientes-capital\/","title":{"rendered":"Se Necesita profesional Farmac\u00e9utico para Corrientes Capital"},"content":{"rendered":"<p>Buenos d\u00edas, nos encontramos en la b\u00fasqueda de un profesional Farmac\u00e9utico para la Ciudad de Corrientes Capital. Interesados comunicarse por favor al 3795 175263 &#8211; 3794 096949 o bien enviar C.V. a:<br \/>\n<a href=\"mailto:farmanea@outlook.com\" target=\"_blank\" rel=\"noopener\">farmanea@outlook.com<\/a>\u00a0.-<\/p>\n<p>Desde ya muchas gracias.<br \/>\nAtte. Acosta Miranda Ulises<\/p>\n","protected":false},"excerpt":{"rendered":"<p>Buenos d\u00edas, nos encontramos en la b\u00fasqueda de un profesional Farmac\u00e9utico para la Ciudad de Corrientes Capital. Interesados comunicarse por favor al 3795 175263 &#8211; 3794 096949 o bien enviar C.V. a: farmanea@outlook.com\u00a0.- Desde ya muchas gracias. Atte. Acosta Miranda Ulises<\/p>\n","protected":false},"author":2,"featured_media":0,"comment_status":"closed","ping_status":"closed","sticky":false,"template":"","format":"standard","meta":{"footnotes":""},"categories":[73],"tags":[],"class_list":["post-22182","post","type-post","status-publish","format-standard","hentry","category-ofertas-laborales"],"_links":{"self":[{"href":"https:\/\/cofarco.com.ar\/ar\/wp-json\/wp\/v2\/posts\/22182","targetHints":{"allow":["GET"]}}],"collection":[{"href":"https:\/\/cofarco.com.ar\/ar\/wp-json\/wp\/v2\/posts"}],"about":[{"href":"https:\/\/cofarco.com.ar\/ar\/wp-json\/wp\/v2\/types\/post"}],"author":[{"embeddable":true,"href":"https:\/\/cofarco.com.ar\/ar\/wp-json\/wp\/v2\/users\/2"}],"replies":[{"embeddable":true,"href":"https:\/\/cofarco.com.ar\/ar\/wp-json\/wp\/v2\/comments?post=22182"}],"version-history":[{"count":1,"href":"https:\/\/cofarco.com.ar\/ar\/wp-json\/wp\/v2\/posts\/22182\/revisions"}],"predecessor-version":[{"id":22183,"href":"https:\/\/cofarco.com.ar\/ar\/wp-json\/wp\/v2\/posts\/22182\/revisions\/22183"}],"wp:attachment":[{"href":"https:\/\/cofarco.com.ar\/ar\/wp-json\/wp\/v2\/media?parent=22182"}],"wp:term":[{"taxonomy":"category","embeddable":true,"href":"https:\/\/cofarco.com.ar\/ar\/wp-json\/wp\/v2\/categories?post=22182"},{"taxonomy":"post_tag","embeddable":true,"href":"https:\/\/cofarco.com.ar\/ar\/wp-json\/wp\/v2\/tags?post=22182"}],"curies":[{"name":"wp","href":"https:\/\/api.w.org\/{rel}","templated":true}]}}