{"id":2219,"date":"2019-02-01T20:00:46","date_gmt":"2019-02-01T20:00:46","guid":{"rendered":"http:\/\/cofarco.com.ar\/ar\/?p=2219"},"modified":"2019-02-01T20:00:46","modified_gmt":"2019-02-01T20:00:46","slug":"importante-avisos-sobre-pami-recetas-celestes-pagos-y-otros","status":"publish","type":"post","link":"https:\/\/cofarco.com.ar\/ar\/2019\/02\/01\/importante-avisos-sobre-pami-recetas-celestes-pagos-y-otros\/","title":{"rendered":"Importante: Avisos sobre PAMI (recetas celestes, pagos y otros)"},"content":{"rendered":"<p><strong>Importante Pami: RECETAS MANUALES CELESTES &#8211; AMBULATORIO<\/strong><\/p>\n<p>De acuerdo a lo comunicado por la COFA, las RECETAS MANUALES CELESTES\u00a0\u00a0siguen vigentes para plan ambulatorio. Rogamos tener en cuenta esto para la\u00a0atenci\u00f3n de los afiliados. Cualquier duda o consulta comunicarse al\u00a0Colegio de Farmac\u00e9uticos de Corrientes (COFARCO).-<\/p>\n<p><strong>\u00a0<\/strong><\/p>\n<p><strong>Pagos PAMI &#8211; Cierres de Insulinas y Tiras Convenio Anterior<\/strong><\/p>\n<p>Se encuentran disponibles en la p\u00e1gina <a href=\"http:\/\/www.cofa.org.ar\">www.cofa.org.ar<\/a> la APF Anticipada y APF Cierre Tiras de la 2\u00ba de AGOSTO, y APF de cierre Insulinas correspondientes a la 1\u00ba y 2\u00ba de AGOSTO y a la 1\u00ba y 2\u00ba de SEPTIEMBRE..<\/p>\n<p>Para su acceso deben ubicar las siguientes Liquidaciones:<\/p>\n<p>A\u00f1o 2018 Mes 8 Per\u00edodo 2 Version 5 PAMI Tiras<\/p>\n<p>A\u00f1o 2018 Mes 8 Per\u00edodo 2 Version 1 PAMI Tiras<\/p>\n<p>A\u00f1o 2018 Mes 8 Per\u00edodo 1 Version 1 PAMI Insulinas<\/p>\n<p>A\u00f1o 2018 Mes 8 Per\u00edodo 2 Version 1 PAMI Insulinas<\/p>\n<p>A\u00f1o 2018 Mes 9 Per\u00edodo 1 Version 1 PAMI Insulinas<\/p>\n<p>A\u00f1o 2018 Mes 9 Per\u00edodo 2 Version 1 PAMI Insulinas<\/p>\n<p><strong>PAMI PA\u00d1ALES &#8211; No funciona validaci\u00f3n por mantenimiento sistema PAMI<\/strong><\/p>\n<p>Por razones de mantenimiento en el sistema PAMI, los servicios de validaci\u00f3n de PAMI PA\u00d1ALES est\u00e1n deshabilitados, con hora estimada de reinicio del servicio para las 14.00.<\/p>\n<p><strong>Convenio PAMI &#8211; Aclaraci\u00f3n sobre notas de laboratorios<\/strong><\/p>\n<p>Nos dirigimos a Uds. en relaci\u00f3n a las notas que nos hicieran llegar diversos laboratorios sobre eventuales bajas de productos.<\/p>\n<p>Al respecto, aclaramos que las farmacias deben seguir dispensando las recetas que contengan esos medicamentos hasta tanto el validador diga lo contrario.<\/p>\n","protected":false},"excerpt":{"rendered":"<p>Importante Pami: RECETAS MANUALES CELESTES &#8211; AMBULATORIO De acuerdo a lo comunicado por la COFA, las RECETAS MANUALES CELESTES\u00a0\u00a0siguen vigentes para plan ambulatorio. Rogamos tener en cuenta esto para la\u00a0atenci\u00f3n de los afiliados. Cualquier duda o consulta comunicarse al\u00a0Colegio de Farmac\u00e9uticos de Corrientes (COFARCO).- \u00a0 Pagos PAMI &#8211; Cierres de Insulinas y Tiras Convenio Anterior [&#8230;]\n","protected":false},"author":2,"featured_media":0,"comment_status":"open","ping_status":"open","sticky":false,"template":"","format":"standard","meta":{"footnotes":""},"categories":[71],"tags":[],"class_list":["post-2219","post","type-post","status-publish","format-standard","hentry","category-noticias"],"_links":{"self":[{"href":"https:\/\/cofarco.com.ar\/ar\/wp-json\/wp\/v2\/posts\/2219","targetHints":{"allow":["GET"]}}],"collection":[{"href":"https:\/\/cofarco.com.ar\/ar\/wp-json\/wp\/v2\/posts"}],"about":[{"href":"https:\/\/cofarco.com.ar\/ar\/wp-json\/wp\/v2\/types\/post"}],"author":[{"embeddable":true,"href":"https:\/\/cofarco.com.ar\/ar\/wp-json\/wp\/v2\/users\/2"}],"replies":[{"embeddable":true,"href":"https:\/\/cofarco.com.ar\/ar\/wp-json\/wp\/v2\/comments?post=2219"}],"version-history":[{"count":1,"href":"https:\/\/cofarco.com.ar\/ar\/wp-json\/wp\/v2\/posts\/2219\/revisions"}],"predecessor-version":[{"id":2221,"href":"https:\/\/cofarco.com.ar\/ar\/wp-json\/wp\/v2\/posts\/2219\/revisions\/2221"}],"wp:attachment":[{"href":"https:\/\/cofarco.com.ar\/ar\/wp-json\/wp\/v2\/media?parent=2219"}],"wp:term":[{"taxonomy":"category","embeddable":true,"href":"https:\/\/cofarco.com.ar\/ar\/wp-json\/wp\/v2\/categories?post=2219"},{"taxonomy":"post_tag","embeddable":true,"href":"https:\/\/cofarco.com.ar\/ar\/wp-json\/wp\/v2\/tags?post=2219"}],"curies":[{"name":"wp","href":"https:\/\/api.w.org\/{rel}","templated":true}]}}