{"id":22202,"date":"2025-11-17T16:21:23","date_gmt":"2025-11-17T19:21:23","guid":{"rendered":"https:\/\/cofarco.com.ar\/ar\/?p=22202"},"modified":"2025-11-17T16:21:23","modified_gmt":"2025-11-17T19:21:23","slug":"jornada-de-capacitacion-en-optimizacion-de-antimicrobianos-20-de-noviembre","status":"publish","type":"post","link":"https:\/\/cofarco.com.ar\/ar\/2025\/11\/17\/jornada-de-capacitacion-en-optimizacion-de-antimicrobianos-20-de-noviembre\/","title":{"rendered":"Jornada de Capacitaci\u00f3n en Optimizaci\u00f3n de Antimicrobianos \u2013 20 de noviembre"},"content":{"rendered":"<p data-start=\"257\" data-end=\"556\">En el marco de la Semana Mundial de Concientizaci\u00f3n sobre el Uso de Antimicrobianos, impulsada por la Organizaci\u00f3n Mundial de la Salud, el Instituto de Cardiolog\u00eda de Corrientes llevar\u00e1 adelante la Jornada de Capacitaci\u00f3n en Programas de Optimizaci\u00f3n de Antimicrobianos (PROA), bajo el lema:<\/p>\n<h3 data-start=\"558\" data-end=\"632\">\u201cActuar ahora: Proteger nuestro presente, asegurar nuestro futuro\u201d<\/h3>\n<p data-start=\"634\" data-end=\"938\">La actividad se realizar\u00e1 el mi\u00e9rcoles 20 de noviembre, de 9.00 a 14.00 hs, en el Sal\u00f3n Auditorium del Instituto de Cardiolog\u00eda de Corrientes \u201cJuana F. Cabral\u201d, y contar\u00e1 con la participaci\u00f3n de profesionales de diversas \u00e1reas: infectolog\u00eda, bacteriolog\u00eda, farmacia, enfermer\u00eda y veterinaria.<\/p>\n<p data-start=\"940\" data-end=\"1218\">El objetivo de esta jornada es fortalecer las capacidades de los equipos de salud para promover la prescripci\u00f3n adecuada, el uso responsable de los antimicrobianos y la contenci\u00f3n de la resistencia bacteriana, a trav\u00e9s de una mirada interdisciplinaria y basada en evidencia.<\/p>\n<h3 data-start=\"1220\" data-end=\"1241\">Destinatarios<\/h3>\n<p data-start=\"1242\" data-end=\"1391\">M\u00e9dicos, farmac\u00e9uticos, enfermeros, microbi\u00f3logos, veterinarios y dem\u00e1s profesionales interesados en el abordaje integral del uso de antimicrobianos.<\/p>\n<h3 data-start=\"1393\" data-end=\"1419\">Modalidad y acceso<\/h3>\n<ul data-start=\"1420\" data-end=\"1505\">\n<li data-start=\"1420\" data-end=\"1444\">\n<p data-start=\"1422\" data-end=\"1444\">Actividad gratuita<\/p>\n<\/li>\n<li data-start=\"1445\" data-end=\"1471\">\n<p data-start=\"1447\" data-end=\"1471\">Modalidad presencial<\/p>\n<\/li>\n<li data-start=\"1472\" data-end=\"1505\">\n<p data-start=\"1474\" data-end=\"1505\">Requiere inscripci\u00f3n previa<\/p>\n<\/li>\n<\/ul>\n<p data-start=\"1507\" data-end=\"1620\">Quienes deseen participar pueden inscribirse escaneando el C\u00f3digo QR disponible en el afiche de la actividad.<\/p>\n<hr data-start=\"1622\" data-end=\"1625\" \/>\n<p data-start=\"1627\" data-end=\"1717\" data-is-last-node=\"\" data-is-only-node=\"\">\u00c1rea de Asuntos Profesionales<br data-start=\"1660\" data-end=\"1663\" \/>Colegio de Farmac\u00e9uticos de la Provincia de Corrientes<\/p>\n<p><img fetchpriority=\"high\" decoding=\"async\" class=\"alignnone size-medium wp-image-22198\" src=\"https:\/\/cofarco.com.ar\/ar\/wp-content\/uploads\/2025\/11\/2-min-320x400.jpg\" alt=\"\" width=\"320\" height=\"400\" srcset=\"https:\/\/cofarco.com.ar\/ar\/wp-content\/uploads\/2025\/11\/2-min-320x400.jpg 320w, https:\/\/cofarco.com.ar\/ar\/wp-content\/uploads\/2025\/11\/2-min-640x800.jpg 640w, https:\/\/cofarco.com.ar\/ar\/wp-content\/uploads\/2025\/11\/2-min-768x960.jpg 768w, https:\/\/cofarco.com.ar\/ar\/wp-content\/uploads\/2025\/11\/2-min.jpg 1080w\" sizes=\"(max-width: 320px) 100vw, 320px\" \/> <img decoding=\"async\" class=\"alignnone size-medium wp-image-22199\" src=\"https:\/\/cofarco.com.ar\/ar\/wp-content\/uploads\/2025\/11\/3-min-320x400.jpg\" alt=\"\" width=\"320\" height=\"400\" srcset=\"https:\/\/cofarco.com.ar\/ar\/wp-content\/uploads\/2025\/11\/3-min-320x400.jpg 320w, https:\/\/cofarco.com.ar\/ar\/wp-content\/uploads\/2025\/11\/3-min-640x800.jpg 640w, https:\/\/cofarco.com.ar\/ar\/wp-content\/uploads\/2025\/11\/3-min-768x960.jpg 768w, https:\/\/cofarco.com.ar\/ar\/wp-content\/uploads\/2025\/11\/3-min.jpg 1080w\" sizes=\"(max-width: 320px) 100vw, 320px\" \/> <img decoding=\"async\" class=\"alignnone size-medium wp-image-22200\" src=\"https:\/\/cofarco.com.ar\/ar\/wp-content\/uploads\/2025\/11\/4-min-320x400.jpg\" alt=\"\" width=\"320\" height=\"400\" srcset=\"https:\/\/cofarco.com.ar\/ar\/wp-content\/uploads\/2025\/11\/4-min-320x400.jpg 320w, https:\/\/cofarco.com.ar\/ar\/wp-content\/uploads\/2025\/11\/4-min-640x800.jpg 640w, https:\/\/cofarco.com.ar\/ar\/wp-content\/uploads\/2025\/11\/4-min-768x960.jpg 768w, https:\/\/cofarco.com.ar\/ar\/wp-content\/uploads\/2025\/11\/4-min.jpg 1080w\" sizes=\"(max-width: 320px) 100vw, 320px\" \/><\/p>\n","protected":false},"excerpt":{"rendered":"<p>En el marco de la Semana Mundial de Concientizaci\u00f3n sobre el Uso de Antimicrobianos, impulsada por la Organizaci\u00f3n Mundial de la Salud, el Instituto de Cardiolog\u00eda de Corrientes llevar\u00e1 adelante la Jornada de Capacitaci\u00f3n en Programas de Optimizaci\u00f3n de Antimicrobianos (PROA), bajo el lema: \u201cActuar ahora: Proteger nuestro presente, asegurar nuestro futuro\u201d La actividad se [&#8230;]\n","protected":false},"author":2,"featured_media":22197,"comment_status":"closed","ping_status":"closed","sticky":false,"template":"","format":"standard","meta":{"footnotes":""},"categories":[68],"tags":[],"class_list":["post-22202","post","type-post","status-publish","format-standard","has-post-thumbnail","hentry","category-cursos"],"_links":{"self":[{"href":"https:\/\/cofarco.com.ar\/ar\/wp-json\/wp\/v2\/posts\/22202","targetHints":{"allow":["GET"]}}],"collection":[{"href":"https:\/\/cofarco.com.ar\/ar\/wp-json\/wp\/v2\/posts"}],"about":[{"href":"https:\/\/cofarco.com.ar\/ar\/wp-json\/wp\/v2\/types\/post"}],"author":[{"embeddable":true,"href":"https:\/\/cofarco.com.ar\/ar\/wp-json\/wp\/v2\/users\/2"}],"replies":[{"embeddable":true,"href":"https:\/\/cofarco.com.ar\/ar\/wp-json\/wp\/v2\/comments?post=22202"}],"version-history":[{"count":1,"href":"https:\/\/cofarco.com.ar\/ar\/wp-json\/wp\/v2\/posts\/22202\/revisions"}],"predecessor-version":[{"id":22203,"href":"https:\/\/cofarco.com.ar\/ar\/wp-json\/wp\/v2\/posts\/22202\/revisions\/22203"}],"wp:attachment":[{"href":"https:\/\/cofarco.com.ar\/ar\/wp-json\/wp\/v2\/media?parent=22202"}],"wp:term":[{"taxonomy":"category","embeddable":true,"href":"https:\/\/cofarco.com.ar\/ar\/wp-json\/wp\/v2\/categories?post=22202"},{"taxonomy":"post_tag","embeddable":true,"href":"https:\/\/cofarco.com.ar\/ar\/wp-json\/wp\/v2\/tags?post=22202"}],"curies":[{"name":"wp","href":"https:\/\/api.w.org\/{rel}","templated":true}]}}