{"id":22302,"date":"2025-11-27T09:50:07","date_gmt":"2025-11-27T12:50:07","guid":{"rendered":"https:\/\/cofarco.com.ar\/ar\/?p=22302"},"modified":"2025-11-27T11:39:55","modified_gmt":"2025-11-27T14:39:55","slug":"nuevas-autoridades-de-la-confederacion-farmaceutica-argentina-cofa-2025-2027","status":"publish","type":"post","link":"https:\/\/cofarco.com.ar\/ar\/2025\/11\/27\/nuevas-autoridades-de-la-confederacion-farmaceutica-argentina-cofa-2025-2027\/","title":{"rendered":"Nuevas autoridades de la Confederaci\u00f3n Farmac\u00e9utica Argentina (COFA) 2025\u20132028"},"content":{"rendered":"<p data-start=\"370\" data-end=\"648\">La Confederaci\u00f3n Farmac\u00e9utica Argentina (COFA) dio a conocer la conformaci\u00f3n de sus nuevas autoridades para el per\u00edodo 2025\u20132028, marcando el inicio de un nuevo ciclo de trabajo orientado a fortalecer el ejercicio profesional y el rol sanitario del farmac\u00e9utico en todo el pa\u00eds.<\/p>\n<p data-start=\"650\" data-end=\"1072\">Para el Colegio de Farmac\u00e9uticos de Corrientes, este anuncio tiene un significado especial: la presidenta de nuestra instituci\u00f3n, <strong data-start=\"780\" data-end=\"816\">Ftca. Desir\u00e9e Lancelle Monferrer<\/strong>, fue designada <strong data-start=\"832\" data-end=\"858\">Vicepresidente de COFA<\/strong>, integrando la mesa ejecutiva nacional. Su incorporaci\u00f3n representa un reconocimiento a su compromiso, dedicaci\u00f3n y constante labor por la jerarquizaci\u00f3n de la profesi\u00f3n tanto en el \u00e1mbito provincial como federal.<\/p>\n<h3 data-start=\"1074\" data-end=\"1107\"><strong data-start=\"1077\" data-end=\"1107\">Autoridades COFA 2025\u20132028<\/strong><\/h3>\n<ul data-start=\"1109\" data-end=\"1479\">\n<li data-start=\"1109\" data-end=\"1178\">\n<p data-start=\"1111\" data-end=\"1178\"><strong data-start=\"1111\" data-end=\"1126\">Presidente:<\/strong> Ftca. Alejandra G\u00f3mez (Provincia de Buenos Aires)<\/p>\n<\/li>\n<li data-start=\"1179\" data-end=\"1248\">\n<p data-start=\"1181\" data-end=\"1248\"><strong data-start=\"1181\" data-end=\"1200\">Vicepresidente:<\/strong> Ftca. Desir\u00e9e Lancelle Monferrer (Corrientes)<\/p>\n<\/li>\n<li data-start=\"1249\" data-end=\"1308\">\n<p data-start=\"1251\" data-end=\"1308\"><strong data-start=\"1251\" data-end=\"1266\">Secretario:<\/strong> Ftco. Claudio Ucchino (Capital Federal)<\/p>\n<\/li>\n<li data-start=\"1309\" data-end=\"1375\">\n<p data-start=\"1311\" data-end=\"1375\"><strong data-start=\"1311\" data-end=\"1330\">Pro-secretaria:<\/strong> Ftca. Mariela de los A. Mart\u00ednez (Tucum\u00e1n)<\/p>\n<\/li>\n<li data-start=\"1376\" data-end=\"1422\">\n<p data-start=\"1378\" data-end=\"1422\"><strong data-start=\"1378\" data-end=\"1391\">Tesorera:<\/strong> Ftca. Fanny Ronchi (Rosario)<\/p>\n<\/li>\n<li data-start=\"1423\" data-end=\"1479\">\n<p data-start=\"1425\" data-end=\"1479\"><strong data-start=\"1425\" data-end=\"1442\">Pro-Tesorero:<\/strong> Ftco. Emilio Irigoiti (Entre R\u00edos)<\/p>\n<\/li>\n<\/ul>\n<p data-start=\"1481\" data-end=\"1520\"><strong data-start=\"1481\" data-end=\"1518\">Revisores de Cuentas \u2013 Titulares:<\/strong><\/p>\n<ul data-start=\"1521\" data-end=\"1621\">\n<li data-start=\"1521\" data-end=\"1553\">\n<p data-start=\"1523\" data-end=\"1553\">Ftco. Jos\u00e9 Recalde (Formosa)<\/p>\n<\/li>\n<li data-start=\"1554\" data-end=\"1582\">\n<p data-start=\"1556\" data-end=\"1582\">Ftco. Mario Asad (Salta)<\/p>\n<\/li>\n<li data-start=\"1583\" data-end=\"1621\">\n<p data-start=\"1585\" data-end=\"1621\">Ftco. Esteban Maldonado (San Juan)<\/p>\n<\/li>\n<\/ul>\n<p data-start=\"1623\" data-end=\"1658\"><strong data-start=\"1623\" data-end=\"1656\">Revisor de Cuenta \u2013 Suplente:<\/strong><\/p>\n<ul data-start=\"1659\" data-end=\"1698\">\n<li data-start=\"1659\" data-end=\"1698\">\n<p data-start=\"1661\" data-end=\"1698\">Ftco. Pablo Ya\u00f1ez Osorio (Santa Cruz)<\/p>\n<\/li>\n<\/ul>\n<h3 data-start=\"1700\" data-end=\"1760\"><strong data-start=\"1703\" data-end=\"1760\">Ejes de gesti\u00f3n y desaf\u00edos para los pr\u00f3ximos tres a\u00f1os<\/strong><\/h3>\n<p data-start=\"1762\" data-end=\"1948\">Durante la Asamblea General Ordinaria donde se defini\u00f3 la nueva conducci\u00f3n, se plantearon los principales lineamientos de trabajo que guiar\u00e1n este nuevo per\u00edodo. Entre ellos se destacan:<\/p>\n<ul data-start=\"1950\" data-end=\"2428\">\n<li data-start=\"1950\" data-end=\"2026\">\n<p data-start=\"1952\" data-end=\"2026\">El fortalecimiento del rol asistencial del farmac\u00e9utico en la comunidad.<\/p>\n<\/li>\n<li data-start=\"2027\" data-end=\"2125\">\n<p data-start=\"2029\" data-end=\"2125\">La promoci\u00f3n de pol\u00edticas p\u00fablicas que consoliden a la farmacia como establecimiento de salud.<\/p>\n<\/li>\n<li data-start=\"2126\" data-end=\"2216\">\n<p data-start=\"2128\" data-end=\"2216\">La actualizaci\u00f3n y expansi\u00f3n de los programas de formaci\u00f3n y capacitaci\u00f3n profesional.<\/p>\n<\/li>\n<li data-start=\"2217\" data-end=\"2324\">\n<p data-start=\"2219\" data-end=\"2324\">La articulaci\u00f3n federal con todas las entidades provinciales para el abordaje de problem\u00e1ticas comunes.<\/p>\n<\/li>\n<li data-start=\"2325\" data-end=\"2428\">\n<p data-start=\"2327\" data-end=\"2428\">La defensa del ejercicio profesional y las condiciones de la pr\u00e1ctica en todo el territorio nacional.<\/p>\n<\/li>\n<\/ul>\n<h3 data-start=\"2430\" data-end=\"2463\"><strong data-start=\"2433\" data-end=\"2463\">Un orgullo para Corrientes<\/strong><\/h3>\n<p data-start=\"2464\" data-end=\"2720\">La designaci\u00f3n de la Ftca. Desir\u00e9e Lancelle Monferrer como Vicepresidente de COFA reafirma la presencia activa de Corrientes en los espacios de toma de decisiones y refleja el compromiso del Colegio con la participaci\u00f3n federal y el desarrollo profesional.<\/p>\n<p data-start=\"2722\" data-end=\"2995\">Desde el Colegio de Farmac\u00e9uticos de Corrientes felicitamos a todas las nuevas autoridades y renovamos nuestro acompa\u00f1amiento para trabajar de manera conjunta en la construcci\u00f3n de una profesi\u00f3n cada vez m\u00e1s fortalecida, visible y comprometida con la salud de la poblaci\u00f3n.<\/p>\n<p><img fetchpriority=\"high\" decoding=\"async\" class=\"alignnone size-medium wp-image-22304\" src=\"https:\/\/cofarco.com.ar\/ar\/wp-content\/uploads\/2025\/11\/Nuevas-autoridades-de-la-Confederacion-Farmaceutica-Argentina-2-400x400.jpg\" alt=\"\" width=\"400\" height=\"400\" srcset=\"https:\/\/cofarco.com.ar\/ar\/wp-content\/uploads\/2025\/11\/Nuevas-autoridades-de-la-Confederacion-Farmaceutica-Argentina-2-400x400.jpg 400w, https:\/\/cofarco.com.ar\/ar\/wp-content\/uploads\/2025\/11\/Nuevas-autoridades-de-la-Confederacion-Farmaceutica-Argentina-2-800x800.jpg 800w, https:\/\/cofarco.com.ar\/ar\/wp-content\/uploads\/2025\/11\/Nuevas-autoridades-de-la-Confederacion-Farmaceutica-Argentina-2-280x280.jpg 280w, https:\/\/cofarco.com.ar\/ar\/wp-content\/uploads\/2025\/11\/Nuevas-autoridades-de-la-Confederacion-Farmaceutica-Argentina-2-768x768.jpg 768w, https:\/\/cofarco.com.ar\/ar\/wp-content\/uploads\/2025\/11\/Nuevas-autoridades-de-la-Confederacion-Farmaceutica-Argentina-2.jpg 1080w\" sizes=\"(max-width: 400px) 100vw, 400px\" \/><\/p>\n","protected":false},"excerpt":{"rendered":"<p>La Confederaci\u00f3n Farmac\u00e9utica Argentina (COFA) dio a conocer la conformaci\u00f3n de sus nuevas autoridades para el per\u00edodo 2025\u20132028, marcando el inicio de un nuevo ciclo de trabajo orientado a fortalecer el ejercicio profesional y el rol sanitario del farmac\u00e9utico en todo el pa\u00eds. Para el Colegio de Farmac\u00e9uticos de Corrientes, este anuncio tiene un significado [&#8230;]\n","protected":false},"author":2,"featured_media":22304,"comment_status":"closed","ping_status":"closed","sticky":false,"template":"","format":"standard","meta":{"footnotes":""},"categories":[71],"tags":[],"class_list":["post-22302","post","type-post","status-publish","format-standard","has-post-thumbnail","hentry","category-noticias"],"_links":{"self":[{"href":"https:\/\/cofarco.com.ar\/ar\/wp-json\/wp\/v2\/posts\/22302","targetHints":{"allow":["GET"]}}],"collection":[{"href":"https:\/\/cofarco.com.ar\/ar\/wp-json\/wp\/v2\/posts"}],"about":[{"href":"https:\/\/cofarco.com.ar\/ar\/wp-json\/wp\/v2\/types\/post"}],"author":[{"embeddable":true,"href":"https:\/\/cofarco.com.ar\/ar\/wp-json\/wp\/v2\/users\/2"}],"replies":[{"embeddable":true,"href":"https:\/\/cofarco.com.ar\/ar\/wp-json\/wp\/v2\/comments?post=22302"}],"version-history":[{"count":2,"href":"https:\/\/cofarco.com.ar\/ar\/wp-json\/wp\/v2\/posts\/22302\/revisions"}],"predecessor-version":[{"id":22306,"href":"https:\/\/cofarco.com.ar\/ar\/wp-json\/wp\/v2\/posts\/22302\/revisions\/22306"}],"wp:featuredmedia":[{"embeddable":true,"href":"https:\/\/cofarco.com.ar\/ar\/wp-json\/wp\/v2\/media\/22304"}],"wp:attachment":[{"href":"https:\/\/cofarco.com.ar\/ar\/wp-json\/wp\/v2\/media?parent=22302"}],"wp:term":[{"taxonomy":"category","embeddable":true,"href":"https:\/\/cofarco.com.ar\/ar\/wp-json\/wp\/v2\/categories?post=22302"},{"taxonomy":"post_tag","embeddable":true,"href":"https:\/\/cofarco.com.ar\/ar\/wp-json\/wp\/v2\/tags?post=22302"}],"curies":[{"name":"wp","href":"https:\/\/api.w.org\/{rel}","templated":true}]}}