{"id":22412,"date":"2025-12-09T16:50:38","date_gmt":"2025-12-09T19:50:38","guid":{"rendered":"https:\/\/cofarco.com.ar\/ar\/?p=22412"},"modified":"2025-12-09T16:50:38","modified_gmt":"2025-12-09T19:50:38","slug":"calendario-cofarco-primer-semestre-2-026","status":"publish","type":"post","link":"https:\/\/cofarco.com.ar\/ar\/2025\/12\/09\/calendario-cofarco-primer-semestre-2-026\/","title":{"rendered":"Calendario COFARCO &#8211; Primer semestre 2.026"},"content":{"rendered":"<p>SE\u00d1ORES FARMACIAS SOCIAS:<\/p>\n<p>Se adjunta CALENDARIO COFARCO correspondiente al primer semestre del a\u00f1o 2.026 (enero a junio) de la presentaci\u00f3n de obras sociales. Por favor rogamos tener muy en cuenta y recordamos que las fechas que figuran en dicho\u00a0 calendario son las fechas que tienen que estar en el Colegio las presentaciones de cada farmacia en base a cada obra social; en el mismo, mas arriba tambi\u00e9n, figuran las fechas de PAMI.<br \/>\nRecordamos tambi\u00e9n a Uds. que las fechas de la obra social IOSCOR iremos informando mes a mes a medida que nos informen las fechas desde la obra social.<br \/>\nAnte cualquier duda y\/o consulta por favor comunicarse al Colegio.<br \/>\nMuchas gracias.-<br \/>\nSaludos cordiales.<br \/>\nAtte. Colegio de Farmac\u00e9uticos de Corrientes (COFARCO).-<\/p>\n<iframe src=\"\/\/docs.google.com\/viewer?url=https%3A%2F%2Fcofarco.com.ar%2Far%2Fwp-content%2Fuploads%2F2025%2F12%2FCalendario-Cofarco-2026-1%C2%B0-semestre-Farmacias.xlsx&hl=es&embedded=true\" class=\"gde-frame\" style=\"width:100%; height:500px; border: none;\" scrolling=\"no\"><\/iframe>\n<p class=\"gde-text\"><a href=\"https:\/\/cofarco.com.ar\/ar\/wp-content\/uploads\/2025\/12\/Calendario-Cofarco-2026-1\u00b0-semestre-Farmacias.xlsx\" class=\"gde-link\">Descargar (XLSX, 13KB)<\/a><\/p>\n","protected":false},"excerpt":{"rendered":"<p>SE\u00d1ORES FARMACIAS SOCIAS: Se adjunta CALENDARIO COFARCO correspondiente al primer semestre del a\u00f1o 2.026 (enero a junio) de la presentaci\u00f3n de obras sociales. Por favor rogamos tener muy en cuenta y recordamos que las fechas que figuran en dicho\u00a0 calendario son las fechas que tienen que estar en el Colegio las presentaciones de cada farmacia [&#8230;]\n","protected":false},"author":2,"featured_media":0,"comment_status":"closed","ping_status":"closed","sticky":false,"template":"","format":"standard","meta":{"footnotes":""},"categories":[71],"tags":[],"class_list":["post-22412","post","type-post","status-publish","format-standard","hentry","category-noticias"],"_links":{"self":[{"href":"https:\/\/cofarco.com.ar\/ar\/wp-json\/wp\/v2\/posts\/22412","targetHints":{"allow":["GET"]}}],"collection":[{"href":"https:\/\/cofarco.com.ar\/ar\/wp-json\/wp\/v2\/posts"}],"about":[{"href":"https:\/\/cofarco.com.ar\/ar\/wp-json\/wp\/v2\/types\/post"}],"author":[{"embeddable":true,"href":"https:\/\/cofarco.com.ar\/ar\/wp-json\/wp\/v2\/users\/2"}],"replies":[{"embeddable":true,"href":"https:\/\/cofarco.com.ar\/ar\/wp-json\/wp\/v2\/comments?post=22412"}],"version-history":[{"count":1,"href":"https:\/\/cofarco.com.ar\/ar\/wp-json\/wp\/v2\/posts\/22412\/revisions"}],"predecessor-version":[{"id":22413,"href":"https:\/\/cofarco.com.ar\/ar\/wp-json\/wp\/v2\/posts\/22412\/revisions\/22413"}],"wp:attachment":[{"href":"https:\/\/cofarco.com.ar\/ar\/wp-json\/wp\/v2\/media?parent=22412"}],"wp:term":[{"taxonomy":"category","embeddable":true,"href":"https:\/\/cofarco.com.ar\/ar\/wp-json\/wp\/v2\/categories?post=22412"},{"taxonomy":"post_tag","embeddable":true,"href":"https:\/\/cofarco.com.ar\/ar\/wp-json\/wp\/v2\/tags?post=22412"}],"curies":[{"name":"wp","href":"https:\/\/api.w.org\/{rel}","templated":true}]}}