{"id":22526,"date":"2025-12-22T12:55:53","date_gmt":"2025-12-22T15:55:53","guid":{"rendered":"https:\/\/cofarco.com.ar\/ar\/?p=22526"},"modified":"2025-12-22T12:55:53","modified_gmt":"2025-12-22T15:55:53","slug":"dia-del-empleado-de-farmacia","status":"publish","type":"post","link":"https:\/\/cofarco.com.ar\/ar\/2025\/12\/22\/dia-del-empleado-de-farmacia\/","title":{"rendered":"D\u00eda del Empleado de Farmacia"},"content":{"rendered":"<p data-start=\"174\" data-end=\"439\">Cada <strong data-start=\"179\" data-end=\"198\">22 de diciembre<\/strong>, se conmemora el D\u00eda del Empleado de Farmacia. En esta fecha, el Colegio de Farmac\u00e9uticos de Corrientes saluda y acompa\u00f1a a quienes, con compromiso y vocaci\u00f3n de servicio, forman parte del equipo de trabajo de cada farmacia de la provincia.<\/p>\n<p data-start=\"441\" data-end=\"693\">La labor diaria de los empleados y empleadas de farmacia es fundamental para el correcto funcionamiento de estos espacios de atenci\u00f3n primaria de la salud, brindando acompa\u00f1amiento, orientaci\u00f3n y respuestas a la comunidad con responsabilidad y calidez.<\/p>\n<p data-start=\"695\" data-end=\"1013\">En esta oportunidad, compartimos im\u00e1genes de equipos de farmacias socias del Colegio, entre ellas <strong data-start=\"793\" data-end=\"817\">Farmacia Alta Gracia<\/strong>, <strong data-start=\"819\" data-end=\"837\">Farmacia Iber\u00e1<\/strong>, <strong data-start=\"839\" data-end=\"858\">Farmacia F\u00e1tima<\/strong>, <strong data-start=\"860\" data-end=\"878\">Farmacia Grial<\/strong>, <strong data-start=\"880\" data-end=\"903\">Farmacia La del Sur<\/strong> y <strong data-start=\"906\" data-end=\"931\">Farmacia La del Norte<\/strong>, como reflejo del trabajo cotidiano que se realiza en cada punto de la provincia.<\/p>\n<p data-start=\"1015\" data-end=\"1189\">Desde el Colegio de Farmac\u00e9uticos de Corrientes, agradecemos el compromiso, la dedicaci\u00f3n y el profesionalismo de quienes cumplen un rol esencial dentro del sistema de salud.<\/p>\n<p data-start=\"1191\" data-end=\"1233\"><strong data-start=\"1191\" data-end=\"1233\">Colegio de Farmac\u00e9uticos de Corrientes<\/strong><\/p>\n<p data-start=\"1191\" data-end=\"1233\"><img fetchpriority=\"high\" decoding=\"async\" class=\"alignnone size-medium wp-image-22534\" src=\"https:\/\/cofarco.com.ar\/ar\/wp-content\/uploads\/2025\/12\/1-2-320x400.jpg\" alt=\"\" width=\"320\" height=\"400\" srcset=\"https:\/\/cofarco.com.ar\/ar\/wp-content\/uploads\/2025\/12\/1-2-320x400.jpg 320w, https:\/\/cofarco.com.ar\/ar\/wp-content\/uploads\/2025\/12\/1-2-640x800.jpg 640w, https:\/\/cofarco.com.ar\/ar\/wp-content\/uploads\/2025\/12\/1-2-768x960.jpg 768w, https:\/\/cofarco.com.ar\/ar\/wp-content\/uploads\/2025\/12\/1-2.jpg 1080w\" sizes=\"(max-width: 320px) 100vw, 320px\" \/> <img decoding=\"async\" class=\"alignnone size-medium wp-image-22535\" src=\"https:\/\/cofarco.com.ar\/ar\/wp-content\/uploads\/2025\/12\/2-1-320x400.jpg\" alt=\"\" width=\"320\" height=\"400\" srcset=\"https:\/\/cofarco.com.ar\/ar\/wp-content\/uploads\/2025\/12\/2-1-320x400.jpg 320w, https:\/\/cofarco.com.ar\/ar\/wp-content\/uploads\/2025\/12\/2-1-640x800.jpg 640w, https:\/\/cofarco.com.ar\/ar\/wp-content\/uploads\/2025\/12\/2-1-768x960.jpg 768w, https:\/\/cofarco.com.ar\/ar\/wp-content\/uploads\/2025\/12\/2-1.jpg 1080w\" sizes=\"(max-width: 320px) 100vw, 320px\" \/> <img decoding=\"async\" class=\"alignnone size-medium wp-image-22536\" src=\"https:\/\/cofarco.com.ar\/ar\/wp-content\/uploads\/2025\/12\/3-1-320x400.jpg\" alt=\"\" width=\"320\" height=\"400\" srcset=\"https:\/\/cofarco.com.ar\/ar\/wp-content\/uploads\/2025\/12\/3-1-320x400.jpg 320w, https:\/\/cofarco.com.ar\/ar\/wp-content\/uploads\/2025\/12\/3-1-640x800.jpg 640w, https:\/\/cofarco.com.ar\/ar\/wp-content\/uploads\/2025\/12\/3-1-768x960.jpg 768w, https:\/\/cofarco.com.ar\/ar\/wp-content\/uploads\/2025\/12\/3-1.jpg 1080w\" sizes=\"(max-width: 320px) 100vw, 320px\" \/> <img loading=\"lazy\" decoding=\"async\" class=\"alignnone size-medium wp-image-22537\" src=\"https:\/\/cofarco.com.ar\/ar\/wp-content\/uploads\/2025\/12\/4-1-320x400.jpg\" alt=\"\" width=\"320\" height=\"400\" srcset=\"https:\/\/cofarco.com.ar\/ar\/wp-content\/uploads\/2025\/12\/4-1-320x400.jpg 320w, https:\/\/cofarco.com.ar\/ar\/wp-content\/uploads\/2025\/12\/4-1-640x800.jpg 640w, https:\/\/cofarco.com.ar\/ar\/wp-content\/uploads\/2025\/12\/4-1-768x960.jpg 768w, https:\/\/cofarco.com.ar\/ar\/wp-content\/uploads\/2025\/12\/4-1.jpg 1080w\" sizes=\"(max-width: 320px) 100vw, 320px\" \/> <img loading=\"lazy\" decoding=\"async\" class=\"alignnone size-medium wp-image-22538\" src=\"https:\/\/cofarco.com.ar\/ar\/wp-content\/uploads\/2025\/12\/5-1-320x400.jpg\" alt=\"\" width=\"320\" height=\"400\" srcset=\"https:\/\/cofarco.com.ar\/ar\/wp-content\/uploads\/2025\/12\/5-1-320x400.jpg 320w, https:\/\/cofarco.com.ar\/ar\/wp-content\/uploads\/2025\/12\/5-1-640x800.jpg 640w, https:\/\/cofarco.com.ar\/ar\/wp-content\/uploads\/2025\/12\/5-1-768x960.jpg 768w, https:\/\/cofarco.com.ar\/ar\/wp-content\/uploads\/2025\/12\/5-1.jpg 1080w\" sizes=\"(max-width: 320px) 100vw, 320px\" \/> <img loading=\"lazy\" decoding=\"async\" class=\"alignnone size-medium wp-image-22539\" src=\"https:\/\/cofarco.com.ar\/ar\/wp-content\/uploads\/2025\/12\/6-1-320x400.jpg\" alt=\"\" width=\"320\" height=\"400\" srcset=\"https:\/\/cofarco.com.ar\/ar\/wp-content\/uploads\/2025\/12\/6-1-320x400.jpg 320w, https:\/\/cofarco.com.ar\/ar\/wp-content\/uploads\/2025\/12\/6-1-640x800.jpg 640w, https:\/\/cofarco.com.ar\/ar\/wp-content\/uploads\/2025\/12\/6-1-768x960.jpg 768w, https:\/\/cofarco.com.ar\/ar\/wp-content\/uploads\/2025\/12\/6-1.jpg 1080w\" sizes=\"(max-width: 320px) 100vw, 320px\" \/><\/p>\n","protected":false},"excerpt":{"rendered":"<p>Cada 22 de diciembre, se conmemora el D\u00eda del Empleado de Farmacia. En esta fecha, el Colegio de Farmac\u00e9uticos de Corrientes saluda y acompa\u00f1a a quienes, con compromiso y vocaci\u00f3n de servicio, forman parte del equipo de trabajo de cada farmacia de la provincia. La labor diaria de los empleados y empleadas de farmacia es [&#8230;]\n","protected":false},"author":2,"featured_media":22540,"comment_status":"closed","ping_status":"closed","sticky":false,"template":"","format":"standard","meta":{"footnotes":""},"categories":[71],"tags":[],"class_list":["post-22526","post","type-post","status-publish","format-standard","has-post-thumbnail","hentry","category-noticias"],"_links":{"self":[{"href":"https:\/\/cofarco.com.ar\/ar\/wp-json\/wp\/v2\/posts\/22526","targetHints":{"allow":["GET"]}}],"collection":[{"href":"https:\/\/cofarco.com.ar\/ar\/wp-json\/wp\/v2\/posts"}],"about":[{"href":"https:\/\/cofarco.com.ar\/ar\/wp-json\/wp\/v2\/types\/post"}],"author":[{"embeddable":true,"href":"https:\/\/cofarco.com.ar\/ar\/wp-json\/wp\/v2\/users\/2"}],"replies":[{"embeddable":true,"href":"https:\/\/cofarco.com.ar\/ar\/wp-json\/wp\/v2\/comments?post=22526"}],"version-history":[{"count":1,"href":"https:\/\/cofarco.com.ar\/ar\/wp-json\/wp\/v2\/posts\/22526\/revisions"}],"predecessor-version":[{"id":22541,"href":"https:\/\/cofarco.com.ar\/ar\/wp-json\/wp\/v2\/posts\/22526\/revisions\/22541"}],"wp:featuredmedia":[{"embeddable":true,"href":"https:\/\/cofarco.com.ar\/ar\/wp-json\/wp\/v2\/media\/22540"}],"wp:attachment":[{"href":"https:\/\/cofarco.com.ar\/ar\/wp-json\/wp\/v2\/media?parent=22526"}],"wp:term":[{"taxonomy":"category","embeddable":true,"href":"https:\/\/cofarco.com.ar\/ar\/wp-json\/wp\/v2\/categories?post=22526"},{"taxonomy":"post_tag","embeddable":true,"href":"https:\/\/cofarco.com.ar\/ar\/wp-json\/wp\/v2\/tags?post=22526"}],"curies":[{"name":"wp","href":"https:\/\/api.w.org\/{rel}","templated":true}]}}