{"id":22594,"date":"2025-12-26T16:20:34","date_gmt":"2025-12-26T19:20:34","guid":{"rendered":"https:\/\/cofarco.com.ar\/ar\/?p=22594"},"modified":"2025-12-26T16:27:14","modified_gmt":"2025-12-26T19:27:14","slug":"rol-del-farmaceutico-comunitario-en-la-salud-publica","status":"publish","type":"post","link":"https:\/\/cofarco.com.ar\/ar\/2025\/12\/26\/rol-del-farmaceutico-comunitario-en-la-salud-publica\/","title":{"rendered":"Rol del farmac\u00e9utico comunitario en la salud p\u00fablica"},"content":{"rendered":"<p data-start=\"241\" data-end=\"536\">El farmac\u00e9utico comunitario cumple un rol esencial dentro del sistema de salud, que trasciende la dispensa de medicamentos. Desde la farmacia comunitaria se promueve el uso racional de los f\u00e1rmacos, la prevenci\u00f3n de riesgos asociados a la automedicaci\u00f3n y la educaci\u00f3n sanitaria de la poblaci\u00f3n.<\/p>\n<p data-start=\"538\" data-end=\"886\">La correcta gesti\u00f3n de medicamentos vencidos, deteriorados o en desuso constituye una acci\u00f3n concreta de salud p\u00fablica. Su acumulaci\u00f3n en los hogares incrementa el riesgo de errores de uso, intoxicaciones accidentales \u2014especialmente en la infancia\u2014 y genera un impacto ambiental evitable cuando estos productos son descartados de manera inadecuada.<\/p>\n<p data-start=\"888\" data-end=\"1169\">En este contexto, la farmacia comunitaria se consolida como un espacio de referencia y cercan\u00eda, donde el farmac\u00e9utico orienta, informa y acompa\u00f1a a la comunidad, fomentando la revisi\u00f3n peri\u00f3dica de botiquines y la consulta profesional antes de conservar o reutilizar medicamentos.<\/p>\n<p data-start=\"1171\" data-end=\"1415\">Estas acciones contribuyen a fortalecer la salud colectiva, promueven pr\u00e1cticas responsables en el uso de medicamentos y refuerzan el compromiso del farmac\u00e9utico comunitario con la prevenci\u00f3n, la seguridad del paciente y el cuidado del entorno.<\/p>\n<p data-start=\"1417\" data-end=\"1700\">Desde el <strong data-start=\"1426\" data-end=\"1468\">Colegio de Farmac\u00e9uticos de Corrientes<\/strong>, se reconoce y acompa\u00f1a el rol estrat\u00e9gico de la farmacia comunitaria como primer nivel de contacto con el sistema de salud y actor fundamental en la promoci\u00f3n de una comunidad m\u00e1s informada, segura y comprometida con su bienestar.<\/p>\n","protected":false},"excerpt":{"rendered":"<p>El farmac\u00e9utico comunitario cumple un rol esencial dentro del sistema de salud, que trasciende la dispensa de medicamentos. Desde la farmacia comunitaria se promueve el uso racional de los f\u00e1rmacos, la prevenci\u00f3n de riesgos asociados a la automedicaci\u00f3n y la educaci\u00f3n sanitaria de la poblaci\u00f3n. La correcta gesti\u00f3n de medicamentos vencidos, deteriorados o en desuso [&#8230;]\n","protected":false},"author":2,"featured_media":22593,"comment_status":"closed","ping_status":"closed","sticky":false,"template":"","format":"standard","meta":{"footnotes":""},"categories":[71],"tags":[],"class_list":["post-22594","post","type-post","status-publish","format-standard","has-post-thumbnail","hentry","category-noticias"],"_links":{"self":[{"href":"https:\/\/cofarco.com.ar\/ar\/wp-json\/wp\/v2\/posts\/22594","targetHints":{"allow":["GET"]}}],"collection":[{"href":"https:\/\/cofarco.com.ar\/ar\/wp-json\/wp\/v2\/posts"}],"about":[{"href":"https:\/\/cofarco.com.ar\/ar\/wp-json\/wp\/v2\/types\/post"}],"author":[{"embeddable":true,"href":"https:\/\/cofarco.com.ar\/ar\/wp-json\/wp\/v2\/users\/2"}],"replies":[{"embeddable":true,"href":"https:\/\/cofarco.com.ar\/ar\/wp-json\/wp\/v2\/comments?post=22594"}],"version-history":[{"count":3,"href":"https:\/\/cofarco.com.ar\/ar\/wp-json\/wp\/v2\/posts\/22594\/revisions"}],"predecessor-version":[{"id":22597,"href":"https:\/\/cofarco.com.ar\/ar\/wp-json\/wp\/v2\/posts\/22594\/revisions\/22597"}],"wp:attachment":[{"href":"https:\/\/cofarco.com.ar\/ar\/wp-json\/wp\/v2\/media?parent=22594"}],"wp:term":[{"taxonomy":"category","embeddable":true,"href":"https:\/\/cofarco.com.ar\/ar\/wp-json\/wp\/v2\/categories?post=22594"},{"taxonomy":"post_tag","embeddable":true,"href":"https:\/\/cofarco.com.ar\/ar\/wp-json\/wp\/v2\/tags?post=22594"}],"curies":[{"name":"wp","href":"https:\/\/api.w.org\/{rel}","templated":true}]}}