{"id":22705,"date":"2026-01-09T16:04:34","date_gmt":"2026-01-09T19:04:34","guid":{"rendered":"https:\/\/cofarco.com.ar\/ar\/?p=22705"},"modified":"2026-01-09T16:18:00","modified_gmt":"2026-01-09T19:18:00","slug":"calendario-turnos-normales-ano-2-026-para-farmacias-de-corrientes-capital","status":"publish","type":"post","link":"https:\/\/cofarco.com.ar\/ar\/2026\/01\/09\/calendario-turnos-normales-ano-2-026-para-farmacias-de-corrientes-capital\/","title":{"rendered":"Calendario Turnos Normales a\u00f1o 2.026 para farmacias de Corrientes Capital"},"content":{"rendered":"<p>Buenos d\u00edas, adjuntamos el Calendario de Turnos Normales del a\u00f1o 2.026 solamente aplicable a las farmacias de Corrientes Capital.<br \/>\nSaludos cordiales.-<\/p>\n<p>Atte. Colegio de Farmac\u00e9uticos de Corrientes (COFARCO).-<\/p>\n<iframe src=\"\/\/docs.google.com\/viewer?url=https%3A%2F%2Fcofarco.com.ar%2Far%2Fwp-content%2Fuploads%2F2026%2F01%2FTURNOS-NORMALES-2.026-1.xlsx&hl=es&embedded=true\" class=\"gde-frame\" style=\"width:100%; height:500px; border: none;\" scrolling=\"no\"><\/iframe>\n<p class=\"gde-text\"><a href=\"https:\/\/cofarco.com.ar\/ar\/wp-content\/uploads\/2026\/01\/TURNOS-NORMALES-2.026-1.xlsx\" class=\"gde-link\">Descargar (XLSX, 28KB)<\/a><\/p>\n","protected":false},"excerpt":{"rendered":"<p>Buenos d\u00edas, adjuntamos el Calendario de Turnos Normales del a\u00f1o 2.026 solamente aplicable a las farmacias de Corrientes Capital. Saludos cordiales.- Atte. Colegio de Farmac\u00e9uticos de Corrientes (COFARCO).-<\/p>\n","protected":false},"author":2,"featured_media":22711,"comment_status":"closed","ping_status":"closed","sticky":false,"template":"","format":"standard","meta":{"footnotes":""},"categories":[71],"tags":[],"class_list":["post-22705","post","type-post","status-publish","format-standard","has-post-thumbnail","hentry","category-noticias"],"_links":{"self":[{"href":"https:\/\/cofarco.com.ar\/ar\/wp-json\/wp\/v2\/posts\/22705","targetHints":{"allow":["GET"]}}],"collection":[{"href":"https:\/\/cofarco.com.ar\/ar\/wp-json\/wp\/v2\/posts"}],"about":[{"href":"https:\/\/cofarco.com.ar\/ar\/wp-json\/wp\/v2\/types\/post"}],"author":[{"embeddable":true,"href":"https:\/\/cofarco.com.ar\/ar\/wp-json\/wp\/v2\/users\/2"}],"replies":[{"embeddable":true,"href":"https:\/\/cofarco.com.ar\/ar\/wp-json\/wp\/v2\/comments?post=22705"}],"version-history":[{"count":1,"href":"https:\/\/cofarco.com.ar\/ar\/wp-json\/wp\/v2\/posts\/22705\/revisions"}],"predecessor-version":[{"id":22706,"href":"https:\/\/cofarco.com.ar\/ar\/wp-json\/wp\/v2\/posts\/22705\/revisions\/22706"}],"wp:featuredmedia":[{"embeddable":true,"href":"https:\/\/cofarco.com.ar\/ar\/wp-json\/wp\/v2\/media\/22711"}],"wp:attachment":[{"href":"https:\/\/cofarco.com.ar\/ar\/wp-json\/wp\/v2\/media?parent=22705"}],"wp:term":[{"taxonomy":"category","embeddable":true,"href":"https:\/\/cofarco.com.ar\/ar\/wp-json\/wp\/v2\/categories?post=22705"},{"taxonomy":"post_tag","embeddable":true,"href":"https:\/\/cofarco.com.ar\/ar\/wp-json\/wp\/v2\/tags?post=22705"}],"curies":[{"name":"wp","href":"https:\/\/api.w.org\/{rel}","templated":true}]}}