{"id":22949,"date":"2026-02-08T21:36:54","date_gmt":"2026-02-09T00:36:54","guid":{"rendered":"https:\/\/cofarco.com.ar\/ar\/?p=22949"},"modified":"2026-02-08T21:40:15","modified_gmt":"2026-02-09T00:40:15","slug":"calendario-nacional-de-vacunacion-la-importancia-de-completar-los-esquemas","status":"publish","type":"post","link":"https:\/\/cofarco.com.ar\/ar\/2026\/02\/08\/calendario-nacional-de-vacunacion-la-importancia-de-completar-los-esquemas\/","title":{"rendered":"Calendario Nacional de Vacunaci\u00f3n: la importancia de completar los esquemas"},"content":{"rendered":"<p data-start=\"317\" data-end=\"621\">El <strong data-start=\"320\" data-end=\"357\">Calendario Nacional de Vacunaci\u00f3n<\/strong> es una herramienta central de la salud p\u00fablica que permite prevenir enfermedades, reducir complicaciones y proteger a la poblaci\u00f3n en todas las etapas de la vida. Su cumplimiento oportuno es una responsabilidad compartida entre el sistema de salud y la comunidad.<\/p>\n<p data-start=\"623\" data-end=\"938\">Desde <strong data-start=\"629\" data-end=\"681\">COFARCO \u2013 Colegio de Farmac\u00e9uticos de Corrientes<\/strong>, reforzamos la importancia de <strong data-start=\"712\" data-end=\"793\">completar los esquemas de vacunaci\u00f3n seg\u00fan las edades y condiciones indicadas<\/strong>, ya que la falta o el retraso de dosis disminuyen la protecci\u00f3n individual y colectiva, favoreciendo la reaparici\u00f3n de enfermedades prevenibles.<\/p>\n<p data-start=\"940\" data-end=\"985\">El calendario contempla vacunas destinadas a:<\/p>\n<ul data-start=\"986\" data-end=\"1204\">\n<li data-start=\"986\" data-end=\"1019\">\n<p data-start=\"988\" data-end=\"1019\">Reci\u00e9n nacidos, ni\u00f1os y ni\u00f1as<\/p>\n<\/li>\n<li data-start=\"1020\" data-end=\"1036\">\n<p data-start=\"1022\" data-end=\"1036\">Adolescentes<\/p>\n<\/li>\n<li data-start=\"1037\" data-end=\"1057\">\n<p data-start=\"1039\" data-end=\"1057\">Personas adultas<\/p>\n<\/li>\n<li data-start=\"1058\" data-end=\"1089\">\n<p data-start=\"1060\" data-end=\"1089\">Personas mayores de 65 a\u00f1os<\/p>\n<\/li>\n<li data-start=\"1090\" data-end=\"1117\">\n<p data-start=\"1092\" data-end=\"1117\">Embarazadas y pu\u00e9rperas<\/p>\n<\/li>\n<li data-start=\"1118\" data-end=\"1204\">\n<p data-start=\"1120\" data-end=\"1204\">Personas con indicaciones especiales seg\u00fan factores de riesgo o zona de residencia<\/p>\n<\/li>\n<\/ul>\n<p data-start=\"1206\" data-end=\"1521\">Las vacunas incluidas en el calendario <strong data-start=\"1245\" data-end=\"1296\">son gratuitas, seguras, eficaces y obligatorias<\/strong>, se encuentran disponibles en centros de salud y hospitales p\u00fablicos de todo el pa\u00eds y <strong data-start=\"1384\" data-end=\"1413\">no requieren orden m\u00e9dica<\/strong>. En los casos en que el esquema se encuentre incompleto, es posible retomarlo sin necesidad de reiniciarlo.<\/p>\n<p data-start=\"1523\" data-end=\"1798\">El rol del farmac\u00e9utico es clave en este proceso, no solo en la dispensaci\u00f3n responsable, sino tambi\u00e9n en la <strong data-start=\"1632\" data-end=\"1713\">educaci\u00f3n sanitaria, la orientaci\u00f3n a la comunidad y el acompa\u00f1amiento activo<\/strong> para promover el control del carnet de vacunaci\u00f3n y el acceso oportuno a cada dosis.<\/p>\n<p data-start=\"1800\" data-end=\"1961\">\ud83d\udcce <strong data-start=\"1803\" data-end=\"1931\">Se adjunta el Calendario Nacional de Vacunaci\u00f3n actualizado y el material informativo sobre vacunaci\u00f3n por etapas de la vida<\/strong>, para su consulta y difusi\u00f3n.<br \/>\n<iframe src=\"\/\/docs.google.com\/viewer?url=https%3A%2F%2Fcofarco.com.ar%2Far%2Fwp-content%2Fuploads%2F2026%2F02%2FVacunas-por-etapa-de-la-vida.pdf&hl=es&embedded=true\" class=\"gde-frame\" style=\"width:100%; height:500px; border: none;\" scrolling=\"no\"><\/iframe>\n<p class=\"gde-text\"><a href=\"https:\/\/cofarco.com.ar\/ar\/wp-content\/uploads\/2026\/02\/Vacunas-por-etapa-de-la-vida.pdf\" class=\"gde-link\">Descargar (PDF, Desconocido)<\/a><\/p>\n<iframe src=\"\/\/docs.google.com\/viewer?url=https%3A%2F%2Fcofarco.com.ar%2Far%2Fwp-content%2Fuploads%2F2026%2F02%2F2025-12-19-calendario_nacional_vacunacion_0.pdf&hl=es&embedded=true\" class=\"gde-frame\" style=\"width:100%; height:500px; border: none;\" scrolling=\"no\"><\/iframe>\n<p class=\"gde-text\"><a href=\"https:\/\/cofarco.com.ar\/ar\/wp-content\/uploads\/2026\/02\/2025-12-19-calendario_nacional_vacunacion_0.pdf\" class=\"gde-link\">Descargar (PDF, Desconocido)<\/a><\/p>\n<p data-start=\"1963\" data-end=\"2089\">\ud83d\udc49 Invitamos a la comunidad a revisar su esquema de vacunaci\u00f3n y acercarse al centro de salud m\u00e1s cercano ante cualquier duda.<\/p>\n<p data-start=\"2091\" data-end=\"2168\">Para m\u00e1s informaci\u00f3n:<br data-start=\"2112\" data-end=\"2115\" \/><a class=\"decorated-link\" href=\"http:\/\/www.argentina.gob.ar\/salud\/vacunas\" target=\"_new\" rel=\"noopener\" data-start=\"2115\" data-end=\"2149\">www.argentina.gob.ar\/salud\/vacunas<\/a><br data-start=\"2149\" data-end=\"2152\" \/>\ud83d\udcde 0800-222-1002<\/p>\n<hr data-start=\"2170\" data-end=\"2173\" \/>\n<p data-start=\"2175\" data-end=\"2309\"><strong data-start=\"2175\" data-end=\"2227\">COFARCO \u2013 Colegio de Farmac\u00e9uticos de Corrientes<\/strong><br data-start=\"2227\" data-end=\"2230\" \/>Comprometidos con la salud p\u00fablica, la prevenci\u00f3n y el cuidado de la comunidad.<\/p>\n","protected":false},"excerpt":{"rendered":"<p>El Calendario Nacional de Vacunaci\u00f3n es una herramienta central de la salud p\u00fablica que permite prevenir enfermedades, reducir complicaciones y proteger a la poblaci\u00f3n en todas las etapas de la vida. Su cumplimiento oportuno es una responsabilidad compartida entre el sistema de salud y la comunidad. Desde COFARCO \u2013 Colegio de Farmac\u00e9uticos de Corrientes, reforzamos [&#8230;]\n","protected":false},"author":2,"featured_media":22956,"comment_status":"closed","ping_status":"closed","sticky":false,"template":"","format":"standard","meta":{"footnotes":""},"categories":[71],"tags":[],"class_list":["post-22949","post","type-post","status-publish","format-standard","has-post-thumbnail","hentry","category-noticias"],"_links":{"self":[{"href":"https:\/\/cofarco.com.ar\/ar\/wp-json\/wp\/v2\/posts\/22949","targetHints":{"allow":["GET"]}}],"collection":[{"href":"https:\/\/cofarco.com.ar\/ar\/wp-json\/wp\/v2\/posts"}],"about":[{"href":"https:\/\/cofarco.com.ar\/ar\/wp-json\/wp\/v2\/types\/post"}],"author":[{"embeddable":true,"href":"https:\/\/cofarco.com.ar\/ar\/wp-json\/wp\/v2\/users\/2"}],"replies":[{"embeddable":true,"href":"https:\/\/cofarco.com.ar\/ar\/wp-json\/wp\/v2\/comments?post=22949"}],"version-history":[{"count":2,"href":"https:\/\/cofarco.com.ar\/ar\/wp-json\/wp\/v2\/posts\/22949\/revisions"}],"predecessor-version":[{"id":22955,"href":"https:\/\/cofarco.com.ar\/ar\/wp-json\/wp\/v2\/posts\/22949\/revisions\/22955"}],"wp:featuredmedia":[{"embeddable":true,"href":"https:\/\/cofarco.com.ar\/ar\/wp-json\/wp\/v2\/media\/22956"}],"wp:attachment":[{"href":"https:\/\/cofarco.com.ar\/ar\/wp-json\/wp\/v2\/media?parent=22949"}],"wp:term":[{"taxonomy":"category","embeddable":true,"href":"https:\/\/cofarco.com.ar\/ar\/wp-json\/wp\/v2\/categories?post=22949"},{"taxonomy":"post_tag","embeddable":true,"href":"https:\/\/cofarco.com.ar\/ar\/wp-json\/wp\/v2\/tags?post=22949"}],"curies":[{"name":"wp","href":"https:\/\/api.w.org\/{rel}","templated":true}]}}