{"id":23181,"date":"2026-03-06T17:32:16","date_gmt":"2026-03-06T20:32:16","guid":{"rendered":"https:\/\/cofarco.com.ar\/ar\/?p=23181"},"modified":"2026-03-06T17:37:01","modified_gmt":"2026-03-06T20:37:01","slug":"diplomatura-universitaria-en-farmacia-hospitalaria","status":"publish","type":"post","link":"https:\/\/cofarco.com.ar\/ar\/2026\/03\/06\/diplomatura-universitaria-en-farmacia-hospitalaria\/","title":{"rendered":"Diplomatura universitaria en farmacia hospitalaria"},"content":{"rendered":"<p>Diplomatura universitaria en farmacia hospitalaria<\/p>\n<p>DIRIGIDO A: Farmac\u00e9uticos interesados en formar equipos de trabajo interdisciplinario en instituciones de salud.<\/p>\n<p>\ud83d\udcc5 Inicio: 12 de marzo | \u23f3 6 m\u00f3dulos | lunes y jueves de 19 a 21hs | Acredita 465 horas<\/p>\n<p>\ud83d\udccc Dictada en conjunto con la Universidad Cat\u00f3lica de C\u00f3rdoba<\/p>\n<p>\u27a1\ufe0f M\u00f3dulo 1: Gesti\u00f3n integral de un servicio de farmacia hospitalaria<\/p>\n<p>\u27a1\ufe0f M\u00f3dulo 2: Selecci\u00f3n y evaluaci\u00f3n de medicamentos<\/p>\n<p>\u27a1\ufe0f M\u00f3dulo 3: Aspectos legales en farmacia hospitalaria<\/p>\n<p>\u27a1\ufe0f M\u00f3dulo 4: Validaci\u00f3n farmac\u00e9utica de las prescripciones m\u00e9dicas y seguimiento de pacientes. Atenci\u00f3n farmac\u00e9utica, Farmacia Cl\u00ednica<\/p>\n<p>\u27a1\ufe0fM\u00f3dulo 5: Seguridad del paciente<\/p>\n<p>\u27a1\ufe0fM\u00f3dulo 6: Elaboraci\u00f3n de medicamentos en el hospital<\/p>\n<p>\u2139\ufe0f M\u00e1s info e inscripciones:<br \/>\n<a href=\"https:\/\/fjs.ucc.edu.ar\/diplomatura-en-farmacia-hospitalaria-2026-3\">https:\/\/fjs.ucc.edu.ar\/diplomatura-en-farmacia-hospitalaria-2026-3<\/a><\/p>\n","protected":false},"excerpt":{"rendered":"<p>Diplomatura universitaria en farmacia hospitalaria DIRIGIDO A: Farmac\u00e9uticos interesados en formar equipos de trabajo interdisciplinario en instituciones de salud. \ud83d\udcc5 Inicio: 12 de marzo | \u23f3 6 m\u00f3dulos | lunes y jueves de 19 a 21hs | Acredita 465 horas \ud83d\udccc Dictada en conjunto con la Universidad Cat\u00f3lica de C\u00f3rdoba \u27a1\ufe0f M\u00f3dulo 1: Gesti\u00f3n integral [&#8230;]\n","protected":false},"author":2,"featured_media":23183,"comment_status":"closed","ping_status":"closed","sticky":false,"template":"","format":"standard","meta":{"footnotes":""},"categories":[68,71],"tags":[],"class_list":["post-23181","post","type-post","status-publish","format-standard","has-post-thumbnail","hentry","category-cursos","category-noticias"],"_links":{"self":[{"href":"https:\/\/cofarco.com.ar\/ar\/wp-json\/wp\/v2\/posts\/23181","targetHints":{"allow":["GET"]}}],"collection":[{"href":"https:\/\/cofarco.com.ar\/ar\/wp-json\/wp\/v2\/posts"}],"about":[{"href":"https:\/\/cofarco.com.ar\/ar\/wp-json\/wp\/v2\/types\/post"}],"author":[{"embeddable":true,"href":"https:\/\/cofarco.com.ar\/ar\/wp-json\/wp\/v2\/users\/2"}],"replies":[{"embeddable":true,"href":"https:\/\/cofarco.com.ar\/ar\/wp-json\/wp\/v2\/comments?post=23181"}],"version-history":[{"count":1,"href":"https:\/\/cofarco.com.ar\/ar\/wp-json\/wp\/v2\/posts\/23181\/revisions"}],"predecessor-version":[{"id":23182,"href":"https:\/\/cofarco.com.ar\/ar\/wp-json\/wp\/v2\/posts\/23181\/revisions\/23182"}],"wp:featuredmedia":[{"embeddable":true,"href":"https:\/\/cofarco.com.ar\/ar\/wp-json\/wp\/v2\/media\/23183"}],"wp:attachment":[{"href":"https:\/\/cofarco.com.ar\/ar\/wp-json\/wp\/v2\/media?parent=23181"}],"wp:term":[{"taxonomy":"category","embeddable":true,"href":"https:\/\/cofarco.com.ar\/ar\/wp-json\/wp\/v2\/categories?post=23181"},{"taxonomy":"post_tag","embeddable":true,"href":"https:\/\/cofarco.com.ar\/ar\/wp-json\/wp\/v2\/tags?post=23181"}],"curies":[{"name":"wp","href":"https:\/\/api.w.org\/{rel}","templated":true}]}}