{"id":23184,"date":"2026-03-06T18:05:52","date_gmt":"2026-03-06T21:05:52","guid":{"rendered":"https:\/\/cofarco.com.ar\/ar\/?p=23184"},"modified":"2026-03-06T18:06:09","modified_gmt":"2026-03-06T21:06:09","slug":"invitacion-ciclo-de-capacitacion-estrategica-para-farmacias-primer-encuentro","status":"publish","type":"post","link":"https:\/\/cofarco.com.ar\/ar\/2026\/03\/06\/invitacion-ciclo-de-capacitacion-estrategica-para-farmacias-primer-encuentro\/","title":{"rendered":"Invitaci\u00f3n | Ciclo de Capacitaci\u00f3n Estrat\u00e9gica para Farmacias \u2013 Primer encuentro"},"content":{"rendered":"<p data-start=\"94\" data-end=\"115\">Estimados\/as colegas:<\/p>\n<p data-start=\"117\" data-end=\"387\">Desde el <strong data-start=\"126\" data-end=\"168\">Colegio de Farmac\u00e9uticos de Corrientes<\/strong> los invitamos a participar del <strong data-start=\"200\" data-end=\"273\">primer encuentro del Ciclo de Capacitaci\u00f3n Estrat\u00e9gica para Farmacias<\/strong>, una propuesta de formaci\u00f3n orientada a fortalecer herramientas de gesti\u00f3n y atenci\u00f3n en la farmacia comunitaria.<\/p>\n<p data-start=\"389\" data-end=\"435\">En esta primera instancia se abordar\u00e1 el tema:<\/p>\n<p data-start=\"437\" data-end=\"484\"><strong data-start=\"437\" data-end=\"484\">\u201cC\u00f3mo profesionalizar la venta en farmacia\u201d<\/strong><\/p>\n<p data-start=\"486\" data-end=\"745\">Durante el encuentro se compartir\u00e1n herramientas pr\u00e1cticas para <strong data-start=\"550\" data-end=\"681\">fortalecer el proceso de venta, mejorar la atenci\u00f3n en el mostrador y acompa\u00f1ar de manera m\u00e1s efectiva la decisi\u00f3n del paciente<\/strong>, integrando la mirada sanitaria y profesional del farmac\u00e9utico.<\/p>\n<p data-start=\"747\" data-end=\"859\"><strong data-start=\"747\" data-end=\"772\">Datos de la actividad<\/strong><br data-start=\"772\" data-end=\"775\" \/>\ud83d\udcc5 <strong data-start=\"778\" data-end=\"803\">Mi\u00e9rcoles 25 de marzo<\/strong><br data-start=\"803\" data-end=\"806\" \/>\ud83d\udd52 <strong data-start=\"809\" data-end=\"825\">De 14 a 16 h<\/strong><br data-start=\"825\" data-end=\"828\" \/>\ud83d\udcbb <strong data-start=\"831\" data-end=\"859\">Modalidad virtual \u2013 Zoom<\/strong><\/p>\n<p data-start=\"861\" data-end=\"927\">La actividad <strong data-start=\"874\" data-end=\"926\">requiere inscripci\u00f3n previa a trav\u00e9s del Colegio<\/strong>.<\/p>\n<p data-start=\"929\" data-end=\"1185\">Este ciclo es organizado por el <strong data-start=\"961\" data-end=\"1003\">Colegio de Farmac\u00e9uticos de Corrientes<\/strong>, junto a <strong data-start=\"1013\" data-end=\"1072\">SINERGIA \u2013 Centro de Capacitaci\u00f3n Farmac\u00e9utica Roemmers<\/strong>, con el objetivo de seguir promoviendo espacios de actualizaci\u00f3n y fortalecimiento profesional para la farmacia.<\/p>\n<p data-start=\"1187\" data-end=\"1207\">Saludos cordiales,<\/p>\n<p data-start=\"1209\" data-end=\"1261\"><strong data-start=\"1209\" data-end=\"1220\">COFARCO<\/strong><br data-start=\"1220\" data-end=\"1223\" \/>Colegio de Farmac\u00e9uticos de Corrientes<\/p>\n<p data-start=\"1209\" data-end=\"1261\"><img fetchpriority=\"high\" decoding=\"async\" class=\"alignnone size-medium wp-image-23186\" src=\"https:\/\/cofarco.com.ar\/ar\/wp-content\/uploads\/2026\/03\/WhatsApp-Image-2026-03-06-at-14.41.57-225x400.jpeg\" alt=\"\" width=\"225\" height=\"400\" srcset=\"https:\/\/cofarco.com.ar\/ar\/wp-content\/uploads\/2026\/03\/WhatsApp-Image-2026-03-06-at-14.41.57-225x400.jpeg 225w, https:\/\/cofarco.com.ar\/ar\/wp-content\/uploads\/2026\/03\/WhatsApp-Image-2026-03-06-at-14.41.57-450x800.jpeg 450w, https:\/\/cofarco.com.ar\/ar\/wp-content\/uploads\/2026\/03\/WhatsApp-Image-2026-03-06-at-14.41.57-768x1365.jpeg 768w, https:\/\/cofarco.com.ar\/ar\/wp-content\/uploads\/2026\/03\/WhatsApp-Image-2026-03-06-at-14.41.57-864x1536.jpeg 864w, https:\/\/cofarco.com.ar\/ar\/wp-content\/uploads\/2026\/03\/WhatsApp-Image-2026-03-06-at-14.41.57.jpeg 900w\" sizes=\"(max-width: 225px) 100vw, 225px\" \/><\/p>\n","protected":false},"excerpt":{"rendered":"<p>Estimados\/as colegas: Desde el Colegio de Farmac\u00e9uticos de Corrientes los invitamos a participar del primer encuentro del Ciclo de Capacitaci\u00f3n Estrat\u00e9gica para Farmacias, una propuesta de formaci\u00f3n orientada a fortalecer herramientas de gesti\u00f3n y atenci\u00f3n en la farmacia comunitaria. En esta primera instancia se abordar\u00e1 el tema: \u201cC\u00f3mo profesionalizar la venta en farmacia\u201d Durante el [&#8230;]\n","protected":false},"author":2,"featured_media":23185,"comment_status":"closed","ping_status":"closed","sticky":false,"template":"","format":"standard","meta":{"footnotes":""},"categories":[68],"tags":[],"class_list":["post-23184","post","type-post","status-publish","format-standard","has-post-thumbnail","hentry","category-cursos"],"_links":{"self":[{"href":"https:\/\/cofarco.com.ar\/ar\/wp-json\/wp\/v2\/posts\/23184","targetHints":{"allow":["GET"]}}],"collection":[{"href":"https:\/\/cofarco.com.ar\/ar\/wp-json\/wp\/v2\/posts"}],"about":[{"href":"https:\/\/cofarco.com.ar\/ar\/wp-json\/wp\/v2\/types\/post"}],"author":[{"embeddable":true,"href":"https:\/\/cofarco.com.ar\/ar\/wp-json\/wp\/v2\/users\/2"}],"replies":[{"embeddable":true,"href":"https:\/\/cofarco.com.ar\/ar\/wp-json\/wp\/v2\/comments?post=23184"}],"version-history":[{"count":2,"href":"https:\/\/cofarco.com.ar\/ar\/wp-json\/wp\/v2\/posts\/23184\/revisions"}],"predecessor-version":[{"id":23188,"href":"https:\/\/cofarco.com.ar\/ar\/wp-json\/wp\/v2\/posts\/23184\/revisions\/23188"}],"wp:featuredmedia":[{"embeddable":true,"href":"https:\/\/cofarco.com.ar\/ar\/wp-json\/wp\/v2\/media\/23185"}],"wp:attachment":[{"href":"https:\/\/cofarco.com.ar\/ar\/wp-json\/wp\/v2\/media?parent=23184"}],"wp:term":[{"taxonomy":"category","embeddable":true,"href":"https:\/\/cofarco.com.ar\/ar\/wp-json\/wp\/v2\/categories?post=23184"},{"taxonomy":"post_tag","embeddable":true,"href":"https:\/\/cofarco.com.ar\/ar\/wp-json\/wp\/v2\/tags?post=23184"}],"curies":[{"name":"wp","href":"https:\/\/api.w.org\/{rel}","templated":true}]}}