{"id":23432,"date":"2026-04-06T20:25:12","date_gmt":"2026-04-06T23:25:12","guid":{"rendered":"https:\/\/cofarco.com.ar\/ar\/?p=23432"},"modified":"2026-04-06T20:26:42","modified_gmt":"2026-04-06T23:26:42","slug":"semana-mundial-del-personal-sanitario-invertir-en-los-profesionales-de-la-salud-es-fortalecer-el-sistema-sanitario","status":"publish","type":"post","link":"https:\/\/cofarco.com.ar\/ar\/2026\/04\/06\/semana-mundial-del-personal-sanitario-invertir-en-los-profesionales-de-la-salud-es-fortalecer-el-sistema-sanitario\/","title":{"rendered":"Semana Mundial del Personal Sanitario: invertir en los profesionales de la salud es fortalecer el sistema sanitario"},"content":{"rendered":"<p data-start=\"263\" data-end=\"514\"><strong data-start=\"263\" data-end=\"514\">Del 1 al 7 de abril se conmemora la Semana Mundial del Personal Sanitario, una iniciativa que pone en valor el rol esencial de los profesionales de la salud en la atenci\u00f3n segura, la calidad asistencial y la resiliencia de los sistemas sanitarios.<\/strong><\/p>\n<p data-start=\"516\" data-end=\"898\">En el marco de la <strong data-start=\"534\" data-end=\"575\">Semana Mundial del Personal Sanitario<\/strong>, la Alianza Mundial de Profesiones Sanitarias (AMPS) difundi\u00f3 un comunicado internacional en el que destaca la importancia de reconocer, proteger e invertir en los profesionales de la salud como actores fundamentales para el funcionamiento de los sistemas sanitarios en todo el mundo.<\/p>\n<p data-start=\"900\" data-end=\"1190\">El documento remarca que los profesionales de la salud representan m\u00e1s del 75 % del personal sanitario mundial y que su formaci\u00f3n especializada, regulaci\u00f3n profesional y autonom\u00eda en la toma de decisiones cl\u00ednicas son pilares indispensables para garantizar una atenci\u00f3n segura y de calidad.<\/p>\n<p data-start=\"1192\" data-end=\"1539\">Asimismo, advierte que cuando estos profesionales son insuficientes o se encuentran infravalorados, las consecuencias impactan de manera directa en la comunidad: se producen demoras en diagn\u00f3sticos y tratamientos, disminuye la continuidad asistencial y aumentan los riesgos para la seguridad de los pacientes.<\/p>\n<p data-start=\"1541\" data-end=\"1842\">La campa\u00f1a internacional, que se desarrolla del <strong data-start=\"1589\" data-end=\"1608\">1 al 7 de abril<\/strong>, busca visibilizar el liderazgo, la experiencia y el compromiso de farmac\u00e9uticos, m\u00e9dicos, enfermeros, odont\u00f3logos y fisioterapeutas, promoviendo inversiones en formaci\u00f3n, seguridad laboral, bienestar y condiciones dignas de trabajo.<\/p>\n<p data-start=\"1844\" data-end=\"2110\">Desde el <strong data-start=\"1853\" data-end=\"1895\">Colegio de Farmac\u00e9uticos de Corrientes<\/strong> adherimos a esta iniciativa, reafirmando la importancia del rol farmac\u00e9utico dentro del sistema de salud y el compromiso diario de nuestros profesionales con la atenci\u00f3n, la prevenci\u00f3n y el cuidado de la comunidad.<\/p>\n<p data-start=\"1844\" data-end=\"2110\">\n<div class=\"gde-error\">GDE Error: Error al recuperar el fichero. Si es necesario, desactiva la comprobaci\u00f3n de errores (404:Not Found)<\/div>\n\n","protected":false},"excerpt":{"rendered":"<p>Del 1 al 7 de abril se conmemora la Semana Mundial del Personal Sanitario, una iniciativa que pone en valor el rol esencial de los profesionales de la salud en la atenci\u00f3n segura, la calidad asistencial y la resiliencia de los sistemas sanitarios. En el marco de la Semana Mundial del Personal Sanitario, la Alianza [&#8230;]\n","protected":false},"author":2,"featured_media":23438,"comment_status":"closed","ping_status":"closed","sticky":false,"template":"","format":"standard","meta":{"footnotes":""},"categories":[71],"tags":[],"class_list":["post-23432","post","type-post","status-publish","format-standard","has-post-thumbnail","hentry","category-noticias"],"_links":{"self":[{"href":"https:\/\/cofarco.com.ar\/ar\/wp-json\/wp\/v2\/posts\/23432","targetHints":{"allow":["GET"]}}],"collection":[{"href":"https:\/\/cofarco.com.ar\/ar\/wp-json\/wp\/v2\/posts"}],"about":[{"href":"https:\/\/cofarco.com.ar\/ar\/wp-json\/wp\/v2\/types\/post"}],"author":[{"embeddable":true,"href":"https:\/\/cofarco.com.ar\/ar\/wp-json\/wp\/v2\/users\/2"}],"replies":[{"embeddable":true,"href":"https:\/\/cofarco.com.ar\/ar\/wp-json\/wp\/v2\/comments?post=23432"}],"version-history":[{"count":3,"href":"https:\/\/cofarco.com.ar\/ar\/wp-json\/wp\/v2\/posts\/23432\/revisions"}],"predecessor-version":[{"id":23440,"href":"https:\/\/cofarco.com.ar\/ar\/wp-json\/wp\/v2\/posts\/23432\/revisions\/23440"}],"wp:featuredmedia":[{"embeddable":true,"href":"https:\/\/cofarco.com.ar\/ar\/wp-json\/wp\/v2\/media\/23438"}],"wp:attachment":[{"href":"https:\/\/cofarco.com.ar\/ar\/wp-json\/wp\/v2\/media?parent=23432"}],"wp:term":[{"taxonomy":"category","embeddable":true,"href":"https:\/\/cofarco.com.ar\/ar\/wp-json\/wp\/v2\/categories?post=23432"},{"taxonomy":"post_tag","embeddable":true,"href":"https:\/\/cofarco.com.ar\/ar\/wp-json\/wp\/v2\/tags?post=23432"}],"curies":[{"name":"wp","href":"https:\/\/api.w.org\/{rel}","templated":true}]}}