{"id":2344,"date":"2019-02-28T07:50:38","date_gmt":"2019-02-28T10:50:38","guid":{"rendered":"http:\/\/cofarco.com.ar\/ar\/?p=2344"},"modified":"2019-02-28T07:51:31","modified_gmt":"2019-02-28T10:51:31","slug":"webinar-sobre-disposicion-final-de-medicamentos","status":"publish","type":"post","link":"https:\/\/cofarco.com.ar\/ar\/2019\/02\/28\/webinar-sobre-disposicion-final-de-medicamentos\/","title":{"rendered":"Webinar sobre disposici\u00f3n final de medicamentos"},"content":{"rendered":"<div>\n<p class=\"x_MsoNormal\">Por iniciativa del Foro Farmac\u00e9utico de las Am\u00e9ricas, el webinar gratuito &#8220;Responsabilidad profesional farmac\u00e9utica en el impacto ambiental de la disposici\u00f3n final de medicamentos&#8221; ser\u00e1 emitido en espa\u00f1ol por la plataforma GoToWebinar el <strong>27 de marzo<\/strong> de 2019, de 12 a 13 horas MDT (GMT -6.00).<u><\/u><u><\/u><\/p>\n<\/div>\n<div>\n<p class=\"x_MsoNormal\">La disertaci\u00f3n estar\u00e1 a cargo de la Dra. Marisol Flores Campos, farmac\u00e9utica de Costa Rica.<u><\/u><u><\/u><\/p>\n<\/div>\n<div>\n<p class=\"x_MsoNormal\">Las inscripciones deben realizarse a trav\u00e9s del siguiente enlace:\u00a0<a href=\"https:\/\/bit.ly\/2N7y8ID\" target=\"_blank\" rel=\"noopener noreferrer\" data-auth=\"NotApplicable\">https:\/\/bit.ly\/2N7y8ID<\/a>\u00a0<u><\/u><u><\/u><\/p>\n<\/div>\n<div>\n<p class=\"x_MsoNormal\">Recuerden verificar el horario local.<\/p>\n<p><img fetchpriority=\"high\" decoding=\"async\" class=\"alignnone size-medium wp-image-2345\" src=\"https:\/\/cofarco.com.ar\/ar\/wp-content\/uploads\/2019\/02\/Webinar-disposici\u00f3n-final-medicamentos-309x400.png\" alt=\"\" width=\"309\" height=\"400\" \/><\/p>\n<\/div>\n","protected":false},"excerpt":{"rendered":"<p>Por iniciativa del Foro Farmac\u00e9utico de las Am\u00e9ricas, el webinar gratuito &#8220;Responsabilidad profesional farmac\u00e9utica en el impacto ambiental de la disposici\u00f3n final de medicamentos&#8221; ser\u00e1 emitido en espa\u00f1ol por la plataforma GoToWebinar el 27 de marzo de 2019, de 12 a 13 horas MDT (GMT -6.00). La disertaci\u00f3n estar\u00e1 a cargo de la Dra. Marisol [&#8230;]\n","protected":false},"author":2,"featured_media":0,"comment_status":"open","ping_status":"open","sticky":false,"template":"","format":"standard","meta":{"footnotes":""},"categories":[71],"tags":[],"class_list":["post-2344","post","type-post","status-publish","format-standard","hentry","category-noticias"],"_links":{"self":[{"href":"https:\/\/cofarco.com.ar\/ar\/wp-json\/wp\/v2\/posts\/2344","targetHints":{"allow":["GET"]}}],"collection":[{"href":"https:\/\/cofarco.com.ar\/ar\/wp-json\/wp\/v2\/posts"}],"about":[{"href":"https:\/\/cofarco.com.ar\/ar\/wp-json\/wp\/v2\/types\/post"}],"author":[{"embeddable":true,"href":"https:\/\/cofarco.com.ar\/ar\/wp-json\/wp\/v2\/users\/2"}],"replies":[{"embeddable":true,"href":"https:\/\/cofarco.com.ar\/ar\/wp-json\/wp\/v2\/comments?post=2344"}],"version-history":[{"count":1,"href":"https:\/\/cofarco.com.ar\/ar\/wp-json\/wp\/v2\/posts\/2344\/revisions"}],"predecessor-version":[{"id":2346,"href":"https:\/\/cofarco.com.ar\/ar\/wp-json\/wp\/v2\/posts\/2344\/revisions\/2346"}],"wp:attachment":[{"href":"https:\/\/cofarco.com.ar\/ar\/wp-json\/wp\/v2\/media?parent=2344"}],"wp:term":[{"taxonomy":"category","embeddable":true,"href":"https:\/\/cofarco.com.ar\/ar\/wp-json\/wp\/v2\/categories?post=2344"},{"taxonomy":"post_tag","embeddable":true,"href":"https:\/\/cofarco.com.ar\/ar\/wp-json\/wp\/v2\/tags?post=2344"}],"curies":[{"name":"wp","href":"https:\/\/api.w.org\/{rel}","templated":true}]}}