{"id":23742,"date":"2026-04-30T10:10:12","date_gmt":"2026-04-30T13:10:12","guid":{"rendered":"https:\/\/cofarco.com.ar\/ar\/?p=23742"},"modified":"2026-04-30T10:10:40","modified_gmt":"2026-04-30T13:10:40","slug":"curso-online-patologias-y-condiciones-de-la-piel-abordadas-desde-el-ambito-farmaceutico","status":"publish","type":"post","link":"https:\/\/cofarco.com.ar\/ar\/2026\/04\/30\/curso-online-patologias-y-condiciones-de-la-piel-abordadas-desde-el-ambito-farmaceutico\/","title":{"rendered":"Curso online: Patolog\u00edas y condiciones de la piel abordadas desde el \u00e1mbito farmac\u00e9utico"},"content":{"rendered":"<p data-start=\"94\" data-end=\"325\">Desde COFARCO, junto a la Confederaci\u00f3n Farmac\u00e9utica Argentina (COFA), invitamos a nuestros asociados a participar de esta propuesta de formaci\u00f3n orientada a fortalecer el rol del farmac\u00e9utico en el abordaje de la salud de la piel.<\/p>\n<p data-start=\"327\" data-end=\"610\">El curso <strong data-start=\"336\" data-end=\"416\">\u201cPatolog\u00edas y condiciones de la piel abordadas desde el \u00e1mbito farmac\u00e9utico\u201d<\/strong> est\u00e1 dise\u00f1ado para brindar herramientas pr\u00e1cticas que permitan mejorar la atenci\u00f3n en el mostrador, optimizar recomendaciones y acompa\u00f1ar de manera m\u00e1s efectiva los tratamientos dermatol\u00f3gicos.<\/p>\n<p data-start=\"612\" data-end=\"667\">A lo largo de los encuentros, los participantes podr\u00e1n:<\/p>\n<ul data-start=\"668\" data-end=\"898\">\n<li data-section-id=\"8gditb\" data-start=\"668\" data-end=\"753\">Incorporar criterios para recomendar rutinas de cuidado de la piel personalizadas<\/li>\n<li data-section-id=\"lmwx95\" data-start=\"754\" data-end=\"822\">Reconocer y detectar patolog\u00edas frecuentes en la consulta diaria<\/li>\n<li data-section-id=\"4b594\" data-start=\"823\" data-end=\"898\">Optimizar el acompa\u00f1amiento farmac\u00e9utico en tratamientos dermatol\u00f3gicos<\/li>\n<\/ul>\n<p data-start=\"900\" data-end=\"1047\"><strong data-start=\"900\" data-end=\"923\">Modalidad y cursado<\/strong><br data-start=\"923\" data-end=\"926\" \/>\ud83d\udcc5 Todos los jueves de mayo y el primer jueves de junio<br data-start=\"981\" data-end=\"984\" \/>\ud83d\udd52 14:00 hs<br data-start=\"995\" data-end=\"998\" \/>\ud83d\udcbb Modalidad virtual (sincr\u00f3nica y asincr\u00f3nica)<\/p>\n<p data-start=\"1049\" data-end=\"1164\"><strong data-start=\"1049\" data-end=\"1063\">Contenidos<\/strong><br data-start=\"1063\" data-end=\"1066\" \/>El programa aborda de manera integral distintas patolog\u00edas y condiciones frecuentes, incluyendo:<\/p>\n<ul data-start=\"1165\" data-end=\"1273\">\n<li data-section-id=\"5lf7eo\" data-start=\"1165\" data-end=\"1176\">Ros\u00e1cea<\/li>\n<li data-section-id=\"1w9v4tp\" data-start=\"1177\" data-end=\"1185\">Acn\u00e9<\/li>\n<li data-section-id=\"3kxatb\" data-start=\"1186\" data-end=\"1220\">Dermatitis at\u00f3pica y psoriasis<\/li>\n<li data-section-id=\"ra4y1g\" data-start=\"1221\" data-end=\"1249\">Hiperpigmentaci\u00f3n facial<\/li>\n<li data-section-id=\"gws7ii\" data-start=\"1250\" data-end=\"1273\">Vitiligo e imp\u00e9tigo<\/li>\n<\/ul>\n<p data-start=\"1275\" data-end=\"1434\">Adem\u00e1s, se trabajar\u00e1 desde un enfoque que integra tratamiento m\u00e9dico, abordaje farmac\u00e9utico, cuidados diarios, protecci\u00f3n solar y recomendaciones de productos.<\/p>\n<p data-start=\"1436\" data-end=\"1490\"><strong data-start=\"1436\" data-end=\"1450\">Disertante<\/strong><br data-start=\"1450\" data-end=\"1453\" \/>Farm. Mar\u00eda de la Paz Quintana (CABA)<\/p>\n<p data-start=\"1492\" data-end=\"1577\">La actividad otorga puntos para la certificaci\u00f3n y recertificaci\u00f3n profesional (CNC).<\/p>\n<p data-start=\"1579\" data-end=\"1756\">\ud83d\udce9 Consultas: <a class=\"decorated-link cursor-pointer\" rel=\"noopener\" data-start=\"1593\" data-end=\"1611\">cursos@cofa.org.ar<\/a><br data-start=\"1611\" data-end=\"1614\" \/>\ud83d\udd17 Inscripci\u00f3n: <a class=\"decorated-link\" href=\"https:\/\/portal.cofa.org.ar\/2026\/04\/21\/curso-online-patologias-y-condiciones-de-la-piel-abordadas-desde-el-ambito-farmaceutico\/\" target=\"_new\" rel=\"noopener\" data-start=\"1630\" data-end=\"1756\">https:\/\/portal.cofa.org.ar\/2026\/04\/21\/curso-online-patologias-y-condiciones-de-la-piel-abordadas-desde-el-ambito-farmaceutico\/<\/a><\/p>\n<p data-start=\"1758\" data-end=\"1868\" data-is-last-node=\"\" data-is-only-node=\"\">Una oportunidad para seguir actualizando conocimientos y fortalecer la pr\u00e1ctica profesional en dermocosm\u00e9tica.<\/p>\n<p data-start=\"1758\" data-end=\"1868\" data-is-last-node=\"\" data-is-only-node=\"\"><img fetchpriority=\"high\" decoding=\"async\" class=\"alignnone size-full wp-image-23747\" src=\"https:\/\/cofarco.com.ar\/ar\/wp-content\/uploads\/2026\/04\/CURSO-Virtual-COFA.jpg\" alt=\"\" width=\"1080\" height=\"1350\" \/><\/p>\n","protected":false},"excerpt":{"rendered":"<p>Desde COFARCO, junto a la Confederaci\u00f3n Farmac\u00e9utica Argentina (COFA), invitamos a nuestros asociados a participar de esta propuesta de formaci\u00f3n orientada a fortalecer el rol del farmac\u00e9utico en el abordaje de la salud de la piel. El curso \u201cPatolog\u00edas y condiciones de la piel abordadas desde el \u00e1mbito farmac\u00e9utico\u201d est\u00e1 dise\u00f1ado para brindar herramientas pr\u00e1cticas [&#8230;]\n","protected":false},"author":2,"featured_media":23745,"comment_status":"closed","ping_status":"closed","sticky":false,"template":"","format":"standard","meta":{"footnotes":""},"categories":[68],"tags":[],"class_list":["post-23742","post","type-post","status-publish","format-standard","has-post-thumbnail","hentry","category-cursos"],"_links":{"self":[{"href":"https:\/\/cofarco.com.ar\/ar\/wp-json\/wp\/v2\/posts\/23742","targetHints":{"allow":["GET"]}}],"collection":[{"href":"https:\/\/cofarco.com.ar\/ar\/wp-json\/wp\/v2\/posts"}],"about":[{"href":"https:\/\/cofarco.com.ar\/ar\/wp-json\/wp\/v2\/types\/post"}],"author":[{"embeddable":true,"href":"https:\/\/cofarco.com.ar\/ar\/wp-json\/wp\/v2\/users\/2"}],"replies":[{"embeddable":true,"href":"https:\/\/cofarco.com.ar\/ar\/wp-json\/wp\/v2\/comments?post=23742"}],"version-history":[{"count":2,"href":"https:\/\/cofarco.com.ar\/ar\/wp-json\/wp\/v2\/posts\/23742\/revisions"}],"predecessor-version":[{"id":23750,"href":"https:\/\/cofarco.com.ar\/ar\/wp-json\/wp\/v2\/posts\/23742\/revisions\/23750"}],"wp:featuredmedia":[{"embeddable":true,"href":"https:\/\/cofarco.com.ar\/ar\/wp-json\/wp\/v2\/media\/23745"}],"wp:attachment":[{"href":"https:\/\/cofarco.com.ar\/ar\/wp-json\/wp\/v2\/media?parent=23742"}],"wp:term":[{"taxonomy":"category","embeddable":true,"href":"https:\/\/cofarco.com.ar\/ar\/wp-json\/wp\/v2\/categories?post=23742"},{"taxonomy":"post_tag","embeddable":true,"href":"https:\/\/cofarco.com.ar\/ar\/wp-json\/wp\/v2\/tags?post=23742"}],"curies":[{"name":"wp","href":"https:\/\/api.w.org\/{rel}","templated":true}]}}