{"id":23757,"date":"2026-04-30T17:18:11","date_gmt":"2026-04-30T20:18:11","guid":{"rendered":"https:\/\/cofarco.com.ar\/ar\/?p=23757"},"modified":"2026-04-30T17:18:11","modified_gmt":"2026-04-30T20:18:11","slug":"capacitacion-online-gestion-de-conversaciones-dificiles-en-farmacia","status":"publish","type":"post","link":"https:\/\/cofarco.com.ar\/ar\/2026\/04\/30\/capacitacion-online-gestion-de-conversaciones-dificiles-en-farmacia\/","title":{"rendered":"Capacitacion Online: Gesti\u00f3n de conversaciones dif\u00edciles en farmacia"},"content":{"rendered":"<p data-start=\"174\" data-end=\"247\"><strong data-start=\"174\" data-end=\"247\">Quinto encuentro del Ciclo de Capacitaci\u00f3n Estrat\u00e9gica para Farmacias<\/strong><\/p>\n<p data-start=\"249\" data-end=\"440\">El Colegio de Farmac\u00e9uticos de Corrientes invita a participar del quinto encuentro del ciclo de capacitaci\u00f3n, centrado en la <strong data-start=\"374\" data-end=\"439\">gesti\u00f3n de conversaciones dif\u00edciles en el \u00e1mbito farmac\u00e9utico<\/strong>.<\/p>\n<p data-start=\"442\" data-end=\"654\">La propuesta brinda <strong data-start=\"462\" data-end=\"603\">herramientas pr\u00e1cticas para abordar reclamos, resolver situaciones complejas y mejorar la comunicaci\u00f3n con pacientes y equipos de trabajo<\/strong>, fortaleciendo el rol profesional en el mostrador.<\/p>\n<p data-start=\"656\" data-end=\"793\">\ud83d\udc69\u200d\u2695\ufe0f <strong data-start=\"662\" data-end=\"680\">Destinatarios:<\/strong> profesionales farmac\u00e9uticos\/as, personal de farmacia, ayudantes de venta, gesti\u00f3n de farmacia y perfiles afines.<\/p>\n<p data-start=\"795\" data-end=\"892\">\ud83d\udcc5 <strong data-start=\"798\" data-end=\"808\">Fecha:<\/strong> Mi\u00e9rcoles 6 de mayo<br data-start=\"828\" data-end=\"831\" \/>\ud83d\udd54 <strong data-start=\"834\" data-end=\"846\">Horario:<\/strong> 17 a 19 hs<br data-start=\"857\" data-end=\"860\" \/>\ud83d\udcbb <strong data-start=\"863\" data-end=\"877\">Modalidad:<\/strong> Virtual (Zoom)<\/p>\n<p data-start=\"894\" data-end=\"959\">\u27a1\ufe0f La actividad requiere inscripci\u00f3n previa a trav\u00e9s del Colegio.<\/p>\n<p data-start=\"961\" data-end=\"1069\">Organizan: Colegio de Farmac\u00e9uticos de Corrientes y SINERGIA \u2013 Centro de capacitaci\u00f3n farmac\u00e9utica Roemmers.<\/p>\n<p data-start=\"961\" data-end=\"1069\"><img fetchpriority=\"high\" decoding=\"async\" class=\"alignnone size-full wp-image-23755\" src=\"https:\/\/cofarco.com.ar\/ar\/wp-content\/uploads\/2026\/04\/capacitacion-2-1.jpg\" alt=\"\" width=\"1080\" height=\"1350\" \/><\/p>\n","protected":false},"excerpt":{"rendered":"<p>Quinto encuentro del Ciclo de Capacitaci\u00f3n Estrat\u00e9gica para Farmacias El Colegio de Farmac\u00e9uticos de Corrientes invita a participar del quinto encuentro del ciclo de capacitaci\u00f3n, centrado en la gesti\u00f3n de conversaciones dif\u00edciles en el \u00e1mbito farmac\u00e9utico. La propuesta brinda herramientas pr\u00e1cticas para abordar reclamos, resolver situaciones complejas y mejorar la comunicaci\u00f3n con pacientes y equipos [&#8230;]\n","protected":false},"author":2,"featured_media":23185,"comment_status":"closed","ping_status":"closed","sticky":false,"template":"","format":"standard","meta":{"footnotes":""},"categories":[68],"tags":[],"class_list":["post-23757","post","type-post","status-publish","format-standard","has-post-thumbnail","hentry","category-cursos"],"_links":{"self":[{"href":"https:\/\/cofarco.com.ar\/ar\/wp-json\/wp\/v2\/posts\/23757","targetHints":{"allow":["GET"]}}],"collection":[{"href":"https:\/\/cofarco.com.ar\/ar\/wp-json\/wp\/v2\/posts"}],"about":[{"href":"https:\/\/cofarco.com.ar\/ar\/wp-json\/wp\/v2\/types\/post"}],"author":[{"embeddable":true,"href":"https:\/\/cofarco.com.ar\/ar\/wp-json\/wp\/v2\/users\/2"}],"replies":[{"embeddable":true,"href":"https:\/\/cofarco.com.ar\/ar\/wp-json\/wp\/v2\/comments?post=23757"}],"version-history":[{"count":1,"href":"https:\/\/cofarco.com.ar\/ar\/wp-json\/wp\/v2\/posts\/23757\/revisions"}],"predecessor-version":[{"id":23758,"href":"https:\/\/cofarco.com.ar\/ar\/wp-json\/wp\/v2\/posts\/23757\/revisions\/23758"}],"wp:featuredmedia":[{"embeddable":true,"href":"https:\/\/cofarco.com.ar\/ar\/wp-json\/wp\/v2\/media\/23185"}],"wp:attachment":[{"href":"https:\/\/cofarco.com.ar\/ar\/wp-json\/wp\/v2\/media?parent=23757"}],"wp:term":[{"taxonomy":"category","embeddable":true,"href":"https:\/\/cofarco.com.ar\/ar\/wp-json\/wp\/v2\/categories?post=23757"},{"taxonomy":"post_tag","embeddable":true,"href":"https:\/\/cofarco.com.ar\/ar\/wp-json\/wp\/v2\/tags?post=23757"}],"curies":[{"name":"wp","href":"https:\/\/api.w.org\/{rel}","templated":true}]}}