{"id":24283,"date":"2026-06-19T09:20:06","date_gmt":"2026-06-19T12:20:06","guid":{"rendered":"https:\/\/cofarco.com.ar\/ar\/?p=24283"},"modified":"2026-06-19T09:20:06","modified_gmt":"2026-06-19T12:20:06","slug":"calendario-cofarco-segundo-semestre-2-026","status":"publish","type":"post","link":"https:\/\/cofarco.com.ar\/ar\/2026\/06\/19\/calendario-cofarco-segundo-semestre-2-026\/","title":{"rendered":"Calendario COFARCO &#8211; segundo semestre 2.026"},"content":{"rendered":"<p>SE\u00d1ORES FARMACIAS SOCIAS:<\/p>\n<p>Se adjunta CALENDARIO COFARCO correspondiente al segundo semestre del a\u00f1o 2.026 (julio a diciembre) de la presentaci\u00f3n de obras sociales. Por favor rogamos tener muy en cuenta el mismo y recordamos que las fechas que figuran en dicho calendario son las fechas que tienen que estar en el Colegio las presentaciones de cada farmacia en base a cada obra social; en el mismo (mas arriba) tambi\u00e9n figuran las fechas de PAMI.<\/p>\n<p>Las fechas de IOSCOR iremos informando mes a mes a medida que nos pasen las fechas desde la obra social (por favor en Ioscor tener en cuenta los periodos en el sistema de MIS VALIDACIONES).<br \/>\nAnte cualquier duda y\/o consulta por favor comunicarse al Colegio (COFARCO). Gracias.-<\/p>\n<p>Saludos cordiales.<br \/>\nAtte. Colegio de Farmac\u00e9uticos de Corrientes (COFARCO).-<\/p>\n<iframe src=\"\/\/docs.google.com\/viewer?url=https%3A%2F%2Fcofarco.com.ar%2Far%2Fwp-content%2Fuploads%2F2026%2F06%2FCalendario-Cofarco-2026-2%C2%B0semestre-Farmacia.xlsx&hl=es&embedded=true\" class=\"gde-frame\" style=\"width:100%; height:500px; border: none;\" scrolling=\"no\"><\/iframe>\n<p class=\"gde-text\"><a href=\"https:\/\/cofarco.com.ar\/ar\/wp-content\/uploads\/2026\/06\/Calendario-Cofarco-2026-2\u00b0semestre-Farmacia.xlsx\" class=\"gde-link\">Descargar (XLSX, 13KB)<\/a><\/p>\n","protected":false},"excerpt":{"rendered":"<p>SE\u00d1ORES FARMACIAS SOCIAS: Se adjunta CALENDARIO COFARCO correspondiente al segundo semestre del a\u00f1o 2.026 (julio a diciembre) de la presentaci\u00f3n de obras sociales. Por favor rogamos tener muy en cuenta el mismo y recordamos que las fechas que figuran en dicho calendario son las fechas que tienen que estar en el Colegio las presentaciones de [&#8230;]\n","protected":false},"author":2,"featured_media":22722,"comment_status":"closed","ping_status":"closed","sticky":false,"template":"","format":"standard","meta":{"footnotes":""},"categories":[71],"tags":[],"class_list":["post-24283","post","type-post","status-publish","format-standard","has-post-thumbnail","hentry","category-noticias"],"_links":{"self":[{"href":"https:\/\/cofarco.com.ar\/ar\/wp-json\/wp\/v2\/posts\/24283","targetHints":{"allow":["GET"]}}],"collection":[{"href":"https:\/\/cofarco.com.ar\/ar\/wp-json\/wp\/v2\/posts"}],"about":[{"href":"https:\/\/cofarco.com.ar\/ar\/wp-json\/wp\/v2\/types\/post"}],"author":[{"embeddable":true,"href":"https:\/\/cofarco.com.ar\/ar\/wp-json\/wp\/v2\/users\/2"}],"replies":[{"embeddable":true,"href":"https:\/\/cofarco.com.ar\/ar\/wp-json\/wp\/v2\/comments?post=24283"}],"version-history":[{"count":1,"href":"https:\/\/cofarco.com.ar\/ar\/wp-json\/wp\/v2\/posts\/24283\/revisions"}],"predecessor-version":[{"id":24285,"href":"https:\/\/cofarco.com.ar\/ar\/wp-json\/wp\/v2\/posts\/24283\/revisions\/24285"}],"wp:featuredmedia":[{"embeddable":true,"href":"https:\/\/cofarco.com.ar\/ar\/wp-json\/wp\/v2\/media\/22722"}],"wp:attachment":[{"href":"https:\/\/cofarco.com.ar\/ar\/wp-json\/wp\/v2\/media?parent=24283"}],"wp:term":[{"taxonomy":"category","embeddable":true,"href":"https:\/\/cofarco.com.ar\/ar\/wp-json\/wp\/v2\/categories?post=24283"},{"taxonomy":"post_tag","embeddable":true,"href":"https:\/\/cofarco.com.ar\/ar\/wp-json\/wp\/v2\/tags?post=24283"}],"curies":[{"name":"wp","href":"https:\/\/api.w.org\/{rel}","templated":true}]}}