{"id":24360,"date":"2026-07-01T10:12:33","date_gmt":"2026-07-01T13:12:33","guid":{"rendered":"https:\/\/cofarco.com.ar\/ar\/?p=24360"},"modified":"2026-07-01T10:12:45","modified_gmt":"2026-07-01T13:12:45","slug":"informacion-obra-social-pami-consolidacion-y-pago-de-la-deuda","status":"publish","type":"post","link":"https:\/\/cofarco.com.ar\/ar\/2026\/07\/01\/informacion-obra-social-pami-consolidacion-y-pago-de-la-deuda\/","title":{"rendered":"INFORMACI\u00d3N OBRA SOCIAL PAMI. CONSOLIDACI\u00d3N Y PAGO DE LA DEUDA."},"content":{"rendered":"<p><strong>INFORMACI\u00d3N OBRA SOCIAL PAMI. CONSOLIDACI\u00d3N Y PAGO DE LA DEUDA.<\/strong><\/p>\n<p>Ante los atrasos en los pagos de PAMI, la Farm. Alejandra Gomez (Presidente de la CoFa) convoc\u00f3 a diferentes reuniones con los colegios provinciales. Se expuso la situaci\u00f3n, se escucharon las consultas de los colegas y luego se realizaron gestiones con la obra social para asegurar el pago, adecuar la propuesta de PAMI, reducir los tiempos de cobro y los costos financieros que pudieran afectar los recursos econ\u00f3micos de las farmacias.<\/p>\n<p>En la reuni\u00f3n la Farm. Alejandra Gomez inform\u00f3 que la CoFA concret\u00f3 la suscripci\u00f3n del Acta Acuerdo de Reconocimiento de Deuda y Pago mediante el cual el Instituto proceder\u00e1 a cancelar la totalidad de la deuda correspondiente a las prestaciones farmac\u00e9uticas ambulatorias, diabetes, clozapinas e higi\u00e9nicos absorbentes descartables (HAD) actualmente adeudadas, en Letras del Tesoro Nacional Capitalizable en pesos con vencimiento 31\/07\/2026, Lecaps S31L6, emitidas mediante RESFC-2026-6-APN-SH#MEC de la Secretar\u00eda de Finanzas y de la Secretar\u00eda de Hacienda, ambas del Ministerio de Econom\u00eda.<\/p>\n<p>\u2013 \u2060Valor t\u00e9cnico al 18\/5: 1,10259<\/p>\n<p>\u2013 \u2060Valor final al 31\/7: 1,17677<\/p>\n<p>Es la primera vez que las entidades farmac\u00e9uticas logran negociar el cobro de una deuda en un solo pago, en instrumentos que vencen en el corto plazo, sin quitas, ni comisiones o costos que disminuyan los ingresos farmac\u00e9uticos. Estos instrumentos financieros generan una renta que ser\u00e1 para las farmacias.<\/p>\n<p>&nbsp;<\/p>\n<p><strong>CARACTER\u00cdSTICAS DE LAS LETRAS<br \/>\n<img fetchpriority=\"high\" decoding=\"async\" class=\"alignnone size-medium wp-image-24361\" src=\"https:\/\/cofarco.com.ar\/ar\/wp-content\/uploads\/2026\/07\/cuadro-1-578x400.jpg\" alt=\"\" width=\"578\" height=\"400\" srcset=\"https:\/\/cofarco.com.ar\/ar\/wp-content\/uploads\/2026\/07\/cuadro-1-578x400.jpg 578w, https:\/\/cofarco.com.ar\/ar\/wp-content\/uploads\/2026\/07\/cuadro-1-768x532.jpg 768w, https:\/\/cofarco.com.ar\/ar\/wp-content\/uploads\/2026\/07\/cuadro-1.jpg 1040w\" sizes=\"(max-width: 578px) 100vw, 578px\" \/><br \/>\n<\/strong><\/p>\n<p><strong>UNA DECISI\u00d3N NACIONAL<\/strong><\/p>\n<p>En este sentido y con el objetivo de preservar el valor real de la deuda, maximizar el beneficio econ\u00f3mico para las farmacias y garantizar absoluta transparencia en todo el proceso de gesti\u00f3n y distribuci\u00f3n de los fondos, el Consejo Directivo de CoFA resolvi\u00f3 el mantenimiento en cartera de los t\u00edtulos valores hasta su vencimiento el 31\/07\/26 y, una vez percibidos los fondos en pesos, efectuar las liquidaciones correspondientes que incluir\u00e1n la totalidad de las sumas adeudadas m\u00e1s la totalidad de la renta generada, efectu\u00e1ndose a cada Colegio o droguer\u00eda seg\u00fan corresponda.<\/p>\n<p><strong>\u00a0<\/strong><\/p>\n<p><strong>LA DEUDA ABONADA EN LECAPS CORRESPONDEN A ESTOS PER\u00cdODOS<\/strong><\/p>\n<ul>\n<li>Saldo de la primera quincena de marzo.<\/li>\n<li>Anticipo de la segunda quincena de marzo.<\/li>\n<li>Anticipo de la primera quincena de abril.<\/li>\n<li>Prestaciones de pa\u00f1ales correspondientes a mayo de 2025.<\/li>\n<\/ul>\n<p>&nbsp;<\/p>\n<p>En relaci\u00f3n con las prestaciones de pa\u00f1ales, resulta importante destacar que la CoFA, con recursos propios,\u00a0<strong>adelant\u00f3 parte de la deuda en el mes de abril del 2026.<\/strong><\/p>\n<p><strong>\u00a0<\/strong><\/p>\n<p><strong>LOS TIEMPOS DE COBRO DE LA DEUDA<\/strong><\/p>\n<p>La CoFA recibir\u00e1 las letras ni bien se complete el procedimiento administrativo correspondiente, y pondr\u00e1 a disposici\u00f3n de cada farmacia, a trav\u00e9s de SIAFAR, el monto de la deuda consolidada en pesos, el monto equivalente en letras y el monto a percibir luego del 31 de Julio.<\/p>\n<p><strong>\u00a0<\/strong><\/p>\n<p><strong>GESTIONES INSTITUCIONALES REALIZADAS POR COFA<\/strong><\/p>\n<p>&nbsp;<\/p>\n<ul>\n<li>COFA gestion\u00f3 exitosamente que se cancelara esta obligaci\u00f3n mediante las letras del tesoro nacional con vencimiento m\u00e1s pr\u00f3ximo disponible, 31 de julio. (Habiendo Lecaps con vencimientos al 30 de agosto y 30 de septiembre)<\/li>\n<li>Esta gesti\u00f3n permitir\u00e1 reducir significativamente los plazos de espera para la percepci\u00f3n efectiva de los fondos.<\/li>\n<li>Se realizaron adem\u00e1s gestiones ante ADEM (Asociaci\u00f3n de Especialidades Medicinales), entidad que nuclea a las droguer\u00edas, para solicitar que mantengan el cr\u00e9dito a las farmacias hasta que las mismas reciban el pago efectivo de la deuda.<\/li>\n<li>Se obtuvo una soluci\u00f3n favorable en el contexto actual, en tanto permite regularizar una deuda exigible, evita los riesgos e incertidumbres propios de procesos judiciales o negociaciones prolongadas y asegura una fecha cierta y pr\u00f3xima de percepci\u00f3n de los fondos.<\/li>\n<li>La deuda fue cancelada mediante un \u00fanico pago.<\/li>\n<li>Se preserva \u00edntegramente el valor econ\u00f3mico del cr\u00e9dito de las farmacias.<\/li>\n<li>Se genera una renta financiera adicional sobre los fondos adeudados que ser\u00e1 \u00edntegramente recibida por las farmacias.<\/li>\n<li>Se evitan p\u00e9rdidas derivadas de una venta anticipada de los t\u00edtulos financieros.<\/li>\n<li>No se adicionan costos administrativos, operativos y financieros innecesarios<\/li>\n<li>A diferencia de otras instancias en las que las gestiones realizadas por COFA s\u00f3lo hab\u00edan permitido instrumentar planes de pago de hasta nueve cuotas fijas para cancelar deudas de similar magnitud, en esta oportunidad se logr\u00f3 que el Estado Nacional reconociera \u00edntegramente la deuda y procediera a su cancelaci\u00f3n mediante un \u00fanico instrumento financiero, preservando el valor de la acreencia y generando una rentabilidad adicional para las farmacias.<\/li>\n<\/ul>\n","protected":false},"excerpt":{"rendered":"<p>INFORMACI\u00d3N OBRA SOCIAL PAMI. CONSOLIDACI\u00d3N Y PAGO DE LA DEUDA. Ante los atrasos en los pagos de PAMI, la Farm. Alejandra Gomez (Presidente de la CoFa) convoc\u00f3 a diferentes reuniones con los colegios provinciales. Se expuso la situaci\u00f3n, se escucharon las consultas de los colegas y luego se realizaron gestiones con la obra social para [&#8230;]\n","protected":false},"author":2,"featured_media":24362,"comment_status":"closed","ping_status":"closed","sticky":false,"template":"","format":"standard","meta":{"footnotes":""},"categories":[71],"tags":[],"class_list":["post-24360","post","type-post","status-publish","format-standard","has-post-thumbnail","hentry","category-noticias"],"_links":{"self":[{"href":"https:\/\/cofarco.com.ar\/ar\/wp-json\/wp\/v2\/posts\/24360","targetHints":{"allow":["GET"]}}],"collection":[{"href":"https:\/\/cofarco.com.ar\/ar\/wp-json\/wp\/v2\/posts"}],"about":[{"href":"https:\/\/cofarco.com.ar\/ar\/wp-json\/wp\/v2\/types\/post"}],"author":[{"embeddable":true,"href":"https:\/\/cofarco.com.ar\/ar\/wp-json\/wp\/v2\/users\/2"}],"replies":[{"embeddable":true,"href":"https:\/\/cofarco.com.ar\/ar\/wp-json\/wp\/v2\/comments?post=24360"}],"version-history":[{"count":1,"href":"https:\/\/cofarco.com.ar\/ar\/wp-json\/wp\/v2\/posts\/24360\/revisions"}],"predecessor-version":[{"id":24363,"href":"https:\/\/cofarco.com.ar\/ar\/wp-json\/wp\/v2\/posts\/24360\/revisions\/24363"}],"wp:featuredmedia":[{"embeddable":true,"href":"https:\/\/cofarco.com.ar\/ar\/wp-json\/wp\/v2\/media\/24362"}],"wp:attachment":[{"href":"https:\/\/cofarco.com.ar\/ar\/wp-json\/wp\/v2\/media?parent=24360"}],"wp:term":[{"taxonomy":"category","embeddable":true,"href":"https:\/\/cofarco.com.ar\/ar\/wp-json\/wp\/v2\/categories?post=24360"},{"taxonomy":"post_tag","embeddable":true,"href":"https:\/\/cofarco.com.ar\/ar\/wp-json\/wp\/v2\/tags?post=24360"}],"curies":[{"name":"wp","href":"https:\/\/api.w.org\/{rel}","templated":true}]}}