{"id":24385,"date":"2026-07-13T08:39:47","date_gmt":"2026-07-13T11:39:47","guid":{"rendered":"https:\/\/cofarco.com.ar\/ar\/?p=24385"},"modified":"2026-07-13T08:39:59","modified_gmt":"2026-07-13T11:39:59","slug":"apertura-de-inscripciones-jornadas-de-cicatrizacion-de-heridas-del-nea-aiach","status":"publish","type":"post","link":"https:\/\/cofarco.com.ar\/ar\/2026\/07\/13\/apertura-de-inscripciones-jornadas-de-cicatrizacion-de-heridas-del-nea-aiach\/","title":{"rendered":"APERTURA DE INSCRIPCIONES &#8211; JORNADAS DE CICATRIZACI\u00d3N DE HERIDAS DEL NEA (AIACH)"},"content":{"rendered":"<p>Estimados profesionales:<\/p>\n<p>Les informamos que ya se encuentra habilitada la inscripci\u00f3n para las Jornadas de Cicatrizaci\u00f3n de Heridas del NEA + Talleres a realizarse los d\u00edas 6 y 7 de agosto en la ciudad de Corrientes &#8211; Sede: Hospital<br \/>\nEscuela Gral. Don Jos\u00e9 de San Mart\u00edn &#8211; Mendoza 1547 &#8211; Corrientes, Argentina.<\/p>\n<p>IMPORTANTE: La inscripci\u00f3n anticipada finaliza el 31 de julio.\u00a0 Para\u00a0 completar su registro deber\u00e1 utilizar los formularios:<\/p>\n<p>* Formulario de inscripci\u00f3n a las Jornadas :<br \/>\n<a href=\"https:\/\/forms.gle\/pzc6DKC8h3a1zGscA\" target=\"_blank\" rel=\"noopener noreferrer\" data-saferedirecturl=\"https:\/\/www.google.com\/url?q=https:\/\/forms.gle\/pzc6DKC8h3a1zGscA&amp;source=gmail&amp;ust=1784028941205000&amp;usg=AOvVaw0HnkfWfjtMEHKPvie94XGS\">https:\/\/forms.gle\/pzc6DKC8h3a1<wbr \/>zGscA<\/a><\/p>\n<p>* Formulario de inscripci\u00f3n al Taller CURACI\u00d3N DE QUEMADURAS :<br \/>\n<a href=\"https:\/\/forms.gle\/mKkxRydFNhQ4quyJ7\" target=\"_blank\" rel=\"noopener noreferrer\" data-saferedirecturl=\"https:\/\/www.google.com\/url?q=https:\/\/forms.gle\/mKkxRydFNhQ4quyJ7&amp;source=gmail&amp;ust=1784028941205000&amp;usg=AOvVaw0v429auYnff8nEk_u6WCiP\">https:\/\/forms.gle\/mKkxRydFNhQ4<wbr \/>quyJ7<\/a><\/p>\n<p>Formulario de inscripci\u00f3n al Taller OSTOMIAS :<br \/>\n<a href=\"https:\/\/forms.gle\/nfXqqCHdt2sMpcFR6\" target=\"_blank\" rel=\"noopener noreferrer\" data-saferedirecturl=\"https:\/\/www.google.com\/url?q=https:\/\/forms.gle\/nfXqqCHdt2sMpcFR6&amp;source=gmail&amp;ust=1784028941205000&amp;usg=AOvVaw3h6PofuUSLddWKh0uegxpA\">https:\/\/forms.gle\/nfXqqCHdt2sM<wbr \/>pcFR6<\/a><\/p>\n<p>Formulario de inscripci\u00f3n al Taller PIE DIAB\u00c9TICO:<br \/>\n<a href=\"https:\/\/forms.gle\/rsEy4Bgsaq6UYsBQ8\" target=\"_blank\" rel=\"noopener noreferrer\" data-saferedirecturl=\"https:\/\/www.google.com\/url?q=https:\/\/forms.gle\/rsEy4Bgsaq6UYsBQ8&amp;source=gmail&amp;ust=1784028941205000&amp;usg=AOvVaw2Hsww0korqFMQOaQ5f1Lxv\">https:\/\/forms.gle\/rsEy4Bgsaq6U<wbr \/>YsBQ8<\/a><br \/>\nFormulario de inscripci\u00f3n al Taller CUIDADO LOCAL DE HERIDAS:<br \/>\n<a href=\"https:\/\/forms.gle\/j7HLt9Mr96qzCQRz9\" target=\"_blank\" rel=\"noopener noreferrer\" data-saferedirecturl=\"https:\/\/www.google.com\/url?q=https:\/\/forms.gle\/j7HLt9Mr96qzCQRz9&amp;source=gmail&amp;ust=1784028941205000&amp;usg=AOvVaw10w3z8ioc70VNvuz-0LqJA\">https:\/\/forms.gle\/j7HLt9Mr96qz<wbr \/>CQRz9<\/a><\/p>\n<p>IMPORTANTE: Cada actividad posee su propio formulario. Si desea participar en uno o m\u00e1s talleres, deber\u00e1 completar el formulario correspondiente a cada taller elegido, adem\u00e1s del formulario de inscripci\u00f3n a las Jornadas.<br \/>\nLos talleres cuentan con cupos limitados (30 participantes por taller).\u00a0 Los talleres son actividades aranceladas y de acceso exclusivo para quienes se encuentren inscriptos en las Jornadas. Esto significa que:<\/p>\n<p>Para inscribirse en un taller es obligatorio estar previamente inscripto\/a en las Jornadas.\u00a0 Los socios de AIACH que cuentan con acceso sin carga a las Jornadas tambi\u00e9n deber\u00e1n abonar el arancel correspondiente del taller al que deseen asistir.<br \/>\nQuienes no realicen la inscripci\u00f3n anticipada podr\u00e1n inscribirse a las Jornadas durante el evento. Sin embargo, la participaci\u00f3n en los talleres quedar\u00e1 sujeta a la disponibilidad de vacantes al momento de la inscripci\u00f3n.<\/p>\n<p>Adjuntamos el folleto con los aranceles vigentes para cada actividad. Les recomendamos realizar su inscripci\u00f3n con anticipaci\u00f3n para asegurar su lugar en los talleres de su inter\u00e9s y agilizar su acreditaci\u00f3n durante las Jornadas. Ante cualquier consulta, pueden comunicarse con nosotros al mail:\u00a0<a href=\"mailto:jornadascorrientes@aiach.org.ar\" target=\"_blank\" rel=\"noopener\">jornadascorrientes@aiach.org.a<wbr \/>r<\/a>\u00a0.-<\/p>\n<p>Saludos cordiales.<br \/>\nSecretar\u00eda (AIACH).<br \/>\nAsociaci\u00f3n Interdisciplinaria Argentina de Cicatrizaci\u00f3n de Heridas.<\/p>\n","protected":false},"excerpt":{"rendered":"<p>Estimados profesionales: Les informamos que ya se encuentra habilitada la inscripci\u00f3n para las Jornadas de Cicatrizaci\u00f3n de Heridas del NEA + Talleres a realizarse los d\u00edas 6 y 7 de agosto en la ciudad de Corrientes &#8211; Sede: Hospital Escuela Gral. Don Jos\u00e9 de San Mart\u00edn &#8211; Mendoza 1547 &#8211; Corrientes, Argentina. IMPORTANTE: La inscripci\u00f3n [&#8230;]\n","protected":false},"author":2,"featured_media":24386,"comment_status":"closed","ping_status":"closed","sticky":false,"template":"","format":"standard","meta":{"footnotes":""},"categories":[68],"tags":[],"class_list":["post-24385","post","type-post","status-publish","format-standard","has-post-thumbnail","hentry","category-cursos"],"_links":{"self":[{"href":"https:\/\/cofarco.com.ar\/ar\/wp-json\/wp\/v2\/posts\/24385","targetHints":{"allow":["GET"]}}],"collection":[{"href":"https:\/\/cofarco.com.ar\/ar\/wp-json\/wp\/v2\/posts"}],"about":[{"href":"https:\/\/cofarco.com.ar\/ar\/wp-json\/wp\/v2\/types\/post"}],"author":[{"embeddable":true,"href":"https:\/\/cofarco.com.ar\/ar\/wp-json\/wp\/v2\/users\/2"}],"replies":[{"embeddable":true,"href":"https:\/\/cofarco.com.ar\/ar\/wp-json\/wp\/v2\/comments?post=24385"}],"version-history":[{"count":1,"href":"https:\/\/cofarco.com.ar\/ar\/wp-json\/wp\/v2\/posts\/24385\/revisions"}],"predecessor-version":[{"id":24387,"href":"https:\/\/cofarco.com.ar\/ar\/wp-json\/wp\/v2\/posts\/24385\/revisions\/24387"}],"wp:featuredmedia":[{"embeddable":true,"href":"https:\/\/cofarco.com.ar\/ar\/wp-json\/wp\/v2\/media\/24386"}],"wp:attachment":[{"href":"https:\/\/cofarco.com.ar\/ar\/wp-json\/wp\/v2\/media?parent=24385"}],"wp:term":[{"taxonomy":"category","embeddable":true,"href":"https:\/\/cofarco.com.ar\/ar\/wp-json\/wp\/v2\/categories?post=24385"},{"taxonomy":"post_tag","embeddable":true,"href":"https:\/\/cofarco.com.ar\/ar\/wp-json\/wp\/v2\/tags?post=24385"}],"curies":[{"name":"wp","href":"https:\/\/api.w.org\/{rel}","templated":true}]}}