{"id":2451,"date":"2019-03-23T00:11:56","date_gmt":"2019-03-23T03:11:56","guid":{"rendered":"http:\/\/cofarco.com.ar\/ar\/?p=2451"},"modified":"2019-03-23T00:11:56","modified_gmt":"2019-03-23T03:11:56","slug":"jornada-de-insercion-profesional","status":"publish","type":"post","link":"https:\/\/cofarco.com.ar\/ar\/2019\/03\/23\/jornada-de-insercion-profesional\/","title":{"rendered":"Jornada de Inserci\u00f3n Profesional"},"content":{"rendered":"<p>El jueves 28 de marzo se realizar\u00e1 una Jornada de Inserci\u00f3n Laboral destinada a graduados, estudiantes y p\u00fablico en general. La actividad tendr\u00e1 lugar desde las 16 en la Facultad de Ciencias Exactas y Naturales y Agrimensura de la Unne, ubicada en avenida Libertad 5400 (Campus Deodoro Roca).<\/p>\n<p>Los temas que se abordar\u00e1n ser\u00e1n matriculaci\u00f3n y consejos profesionales, \u00e9tica y responsabilidad del profesional, obligaciones tributarias en el ejercicio profesional y tips para la confecci\u00f3n de CV y enfrentar una entrevista laboral.<\/p>\n<p>Se entregar\u00e1n Certificados.<\/p>\n<p><img fetchpriority=\"high\" decoding=\"async\" class=\"alignnone size-medium wp-image-2452\" src=\"https:\/\/cofarco.com.ar\/ar\/wp-content\/uploads\/2019\/03\/fepuc-400x400.jpg\" alt=\"\" width=\"400\" height=\"400\" \/><\/p>\n","protected":false},"excerpt":{"rendered":"<p>El jueves 28 de marzo se realizar\u00e1 una Jornada de Inserci\u00f3n Laboral destinada a graduados, estudiantes y p\u00fablico en general. La actividad tendr\u00e1 lugar desde las 16 en la Facultad de Ciencias Exactas y Naturales y Agrimensura de la Unne, ubicada en avenida Libertad 5400 (Campus Deodoro Roca). Los temas que se abordar\u00e1n ser\u00e1n matriculaci\u00f3n [&#8230;]\n","protected":false},"author":2,"featured_media":0,"comment_status":"open","ping_status":"open","sticky":false,"template":"","format":"standard","meta":{"footnotes":""},"categories":[71],"tags":[],"class_list":["post-2451","post","type-post","status-publish","format-standard","hentry","category-noticias"],"_links":{"self":[{"href":"https:\/\/cofarco.com.ar\/ar\/wp-json\/wp\/v2\/posts\/2451","targetHints":{"allow":["GET"]}}],"collection":[{"href":"https:\/\/cofarco.com.ar\/ar\/wp-json\/wp\/v2\/posts"}],"about":[{"href":"https:\/\/cofarco.com.ar\/ar\/wp-json\/wp\/v2\/types\/post"}],"author":[{"embeddable":true,"href":"https:\/\/cofarco.com.ar\/ar\/wp-json\/wp\/v2\/users\/2"}],"replies":[{"embeddable":true,"href":"https:\/\/cofarco.com.ar\/ar\/wp-json\/wp\/v2\/comments?post=2451"}],"version-history":[{"count":1,"href":"https:\/\/cofarco.com.ar\/ar\/wp-json\/wp\/v2\/posts\/2451\/revisions"}],"predecessor-version":[{"id":2453,"href":"https:\/\/cofarco.com.ar\/ar\/wp-json\/wp\/v2\/posts\/2451\/revisions\/2453"}],"wp:attachment":[{"href":"https:\/\/cofarco.com.ar\/ar\/wp-json\/wp\/v2\/media?parent=2451"}],"wp:term":[{"taxonomy":"category","embeddable":true,"href":"https:\/\/cofarco.com.ar\/ar\/wp-json\/wp\/v2\/categories?post=2451"},{"taxonomy":"post_tag","embeddable":true,"href":"https:\/\/cofarco.com.ar\/ar\/wp-json\/wp\/v2\/tags?post=2451"}],"curies":[{"name":"wp","href":"https:\/\/api.w.org\/{rel}","templated":true}]}}