{"id":24785,"date":"2026-08-31T09:47:55","date_gmt":"2026-08-31T12:47:55","guid":{"rendered":"https:\/\/cofarco.com.ar\/ar\/?p=24785"},"modified":"2026-08-31T09:48:35","modified_gmt":"2026-08-31T12:48:35","slug":"orgullo-farmaceutico-correntino-profesionales-de-nuestra-provincia-integran-el-comite-de-expertos-de-cofa","status":"publish","type":"post","link":"https:\/\/cofarco.com.ar\/ar\/2026\/08\/31\/orgullo-farmaceutico-correntino-profesionales-de-nuestra-provincia-integran-el-comite-de-expertos-de-cofa\/","title":{"rendered":"Orgullo farmac\u00e9utico correntino: profesionales de nuestra provincia integran el Comit\u00e9 de Expertos de COFA"},"content":{"rendered":"<p class=\"PDq2pG_selectionAnchorContainer\" data-start=\"112\" data-end=\"341\">El Colegio de Farmac\u00e9uticos de Corrientes felicita a los profesionales de nuestra provincia que integran el Comit\u00e9 de Expertos para la Certificaci\u00f3n de Especialidades en Farmacia de la Confederaci\u00f3n Farmac\u00e9utica Argentina (COFA).<\/p>\n<p data-start=\"343\" data-end=\"370\">Los colegas designados son:<\/p>\n<ul data-start=\"372\" data-end=\"576\">\n<li data-section-id=\"ypykos\" data-start=\"372\" data-end=\"423\">Ftca. Mariana V. Grigolat \u2013 Farmacia Industrial<\/li>\n<li data-section-id=\"1y49a2p\" data-start=\"424\" data-end=\"480\">Ftca. Mar\u00eda Jos\u00e9 Cuglielmone \u2013 Farmacia Hospitalaria<\/li>\n<li data-section-id=\"1q4oes9\" data-start=\"481\" data-end=\"532\">Ftco. Gerardo A. Fridman \u2013 Farmacia Comunitaria<\/li>\n<li data-section-id=\"1g7m87t\" data-start=\"533\" data-end=\"576\">Ftca. Marcela A. \u00c1vila \u2013 Esterilizaci\u00f3n<\/li>\n<\/ul>\n<p data-start=\"578\" data-end=\"776\">Su participaci\u00f3n constituye un importante reconocimiento a la trayectoria, la formaci\u00f3n y el compromiso profesional, y representa un motivo de orgullo para toda la comunidad farmac\u00e9utica correntina.<\/p>\n<p data-start=\"778\" data-end=\"998\">Desde el Colegio celebramos este logro y destacamos el aporte de nuestros profesionales al fortalecimiento, la jerarquizaci\u00f3n y el desarrollo de las distintas especialidades de la profesi\u00f3n farmac\u00e9utica a nivel nacional.<\/p>\n<p data-start=\"1000\" data-end=\"1051\" data-is-last-node=\"\" data-is-only-node=\"\"><br data-start=\"1010\" data-end=\"1013\" \/>Colegio de Farmac\u00e9uticos de Corrientes<br \/>\n<img fetchpriority=\"high\" decoding=\"async\" class=\"alignnone size-full wp-image-24787\" src=\"https:\/\/cofarco.com.ar\/ar\/wp-content\/uploads\/2026\/08\/Comite-de-Expertos-de-COFA.jpg\" alt=\"\" width=\"1080\" height=\"1350\" \/><\/p>\n<p data-start=\"1000\" data-end=\"1051\" data-is-last-node=\"\" data-is-only-node=\"\">\n","protected":false},"excerpt":{"rendered":"<p>El Colegio de Farmac\u00e9uticos de Corrientes felicita a los profesionales de nuestra provincia que integran el Comit\u00e9 de Expertos para la Certificaci\u00f3n de Especialidades en Farmacia de la Confederaci\u00f3n Farmac\u00e9utica Argentina (COFA). Los colegas designados son: Ftca. Mariana V. Grigolat \u2013 Farmacia Industrial Ftca. Mar\u00eda Jos\u00e9 Cuglielmone \u2013 Farmacia Hospitalaria Ftco. Gerardo A. Fridman \u2013 [&#8230;]\n","protected":false},"author":2,"featured_media":24787,"comment_status":"closed","ping_status":"closed","sticky":false,"template":"","format":"standard","meta":{"footnotes":""},"categories":[71],"tags":[],"class_list":["post-24785","post","type-post","status-publish","format-standard","has-post-thumbnail","hentry","category-noticias"],"_links":{"self":[{"href":"https:\/\/cofarco.com.ar\/ar\/wp-json\/wp\/v2\/posts\/24785","targetHints":{"allow":["GET"]}}],"collection":[{"href":"https:\/\/cofarco.com.ar\/ar\/wp-json\/wp\/v2\/posts"}],"about":[{"href":"https:\/\/cofarco.com.ar\/ar\/wp-json\/wp\/v2\/types\/post"}],"author":[{"embeddable":true,"href":"https:\/\/cofarco.com.ar\/ar\/wp-json\/wp\/v2\/users\/2"}],"replies":[{"embeddable":true,"href":"https:\/\/cofarco.com.ar\/ar\/wp-json\/wp\/v2\/comments?post=24785"}],"version-history":[{"count":2,"href":"https:\/\/cofarco.com.ar\/ar\/wp-json\/wp\/v2\/posts\/24785\/revisions"}],"predecessor-version":[{"id":24789,"href":"https:\/\/cofarco.com.ar\/ar\/wp-json\/wp\/v2\/posts\/24785\/revisions\/24789"}],"wp:featuredmedia":[{"embeddable":true,"href":"https:\/\/cofarco.com.ar\/ar\/wp-json\/wp\/v2\/media\/24787"}],"wp:attachment":[{"href":"https:\/\/cofarco.com.ar\/ar\/wp-json\/wp\/v2\/media?parent=24785"}],"wp:term":[{"taxonomy":"category","embeddable":true,"href":"https:\/\/cofarco.com.ar\/ar\/wp-json\/wp\/v2\/categories?post=24785"},{"taxonomy":"post_tag","embeddable":true,"href":"https:\/\/cofarco.com.ar\/ar\/wp-json\/wp\/v2\/tags?post=24785"}],"curies":[{"name":"wp","href":"https:\/\/api.w.org\/{rel}","templated":true}]}}