{"id":24793,"date":"2026-09-01T11:28:48","date_gmt":"2026-09-01T14:28:48","guid":{"rendered":"https:\/\/cofarco.com.ar\/ar\/?p=24793"},"modified":"2026-09-01T11:37:22","modified_gmt":"2026-09-01T14:37:22","slug":"cofarco-presente-en-el-congreso-mundial-de-fip-2026","status":"publish","type":"post","link":"https:\/\/cofarco.com.ar\/ar\/2026\/09\/01\/cofarco-presente-en-el-congreso-mundial-de-fip-2026\/","title":{"rendered":"COFARCO presente en el Congreso Mundial de FIP 2026"},"content":{"rendered":"<p class=\"PDq2pG_selectionAnchorContainer\" data-start=\"111\" data-end=\"452\">La Farm. Desir\u00e9e Lancelle, presidente del Colegio de Farmac\u00e9uticos de Corrientes y vicepresidenta de la Confederaci\u00f3n Farmac\u00e9utica Argentina (CoFA), participa del Congreso Mundial de Farmacia y Ciencias Farmac\u00e9uticas de la Federaci\u00f3n Internacional Farmac\u00e9utica (FIP), que se desarrolla del 30 de agosto al 2 de septiembre en Montreal, Canad\u00e1.<\/p>\n<p data-start=\"454\" data-end=\"813\">La Federaci\u00f3n Internacional Farmac\u00e9utica (FIP) es la organizaci\u00f3n mundial que representa a la farmacia, las ciencias farmac\u00e9uticas y la educaci\u00f3n farmac\u00e9utica. Su Congreso Mundial constituye uno de los principales espacios de encuentro de la profesi\u00f3n a nivel internacional, reuniendo a farmac\u00e9uticos, cient\u00edficos, educadores y referentes de distintos pa\u00edses.<\/p>\n<p data-start=\"815\" data-end=\"1109\">La participaci\u00f3n en este encuentro permite compartir experiencias, conocimientos y perspectivas sobre los principales desaf\u00edos de la profesi\u00f3n, as\u00ed como conocer avances y tendencias vinculados con la pr\u00e1ctica farmac\u00e9utica, la educaci\u00f3n, la ciencia y el fortalecimiento de los sistemas de salud.<\/p>\n<p data-start=\"1111\" data-end=\"1395\">En el marco de las actividades desarrolladas en Montreal, Lancelle mantuvo adem\u00e1s un encuentro con el Dr. Lars-\u00c5ke S\u00f6derlund, de Suecia, recientemente elegido presidente electo de la Federaci\u00f3n Internacional Farmac\u00e9utica (FIP), quien asumir\u00e1 la presidencia de la organizaci\u00f3n en 2027.<\/p>\n<p data-start=\"1397\" data-end=\"1684\" data-is-last-node=\"\" data-is-only-node=\"\">Desde el Colegio de Farmac\u00e9uticos de Corrientes destacamos la participaci\u00f3n de nuestra presidenta en este importante \u00e1mbito internacional, representando a la farmacia correntina y argentina y fortaleciendo los v\u00ednculos con referentes e instituciones de la comunidad farmac\u00e9utica mundial.<\/p>\n<p>\u00a0<img fetchpriority=\"high\" decoding=\"async\" class=\"alignnone size-full wp-image-24794\" src=\"https:\/\/cofarco.com.ar\/ar\/wp-content\/uploads\/2026\/09\/1.jpg\" alt=\"\" width=\"1080\" height=\"1350\" \/> <img decoding=\"async\" class=\"alignnone size-full wp-image-24795\" src=\"https:\/\/cofarco.com.ar\/ar\/wp-content\/uploads\/2026\/09\/2.jpg\" alt=\"\" width=\"1080\" height=\"1350\" \/><\/p>\n","protected":false},"excerpt":{"rendered":"<p>La Farm. Desir\u00e9e Lancelle, presidente del Colegio de Farmac\u00e9uticos de Corrientes y vicepresidenta de la Confederaci\u00f3n Farmac\u00e9utica Argentina (CoFA), participa del Congreso Mundial de Farmacia y Ciencias Farmac\u00e9uticas de la Federaci\u00f3n Internacional Farmac\u00e9utica (FIP), que se desarrolla del 30 de agosto al 2 de septiembre en Montreal, Canad\u00e1. La Federaci\u00f3n Internacional Farmac\u00e9utica (FIP) es la [&#8230;]\n","protected":false},"author":2,"featured_media":24796,"comment_status":"closed","ping_status":"closed","sticky":false,"template":"","format":"standard","meta":{"footnotes":""},"categories":[71],"tags":[],"class_list":["post-24793","post","type-post","status-publish","format-standard","has-post-thumbnail","hentry","category-noticias"],"_links":{"self":[{"href":"https:\/\/cofarco.com.ar\/ar\/wp-json\/wp\/v2\/posts\/24793","targetHints":{"allow":["GET"]}}],"collection":[{"href":"https:\/\/cofarco.com.ar\/ar\/wp-json\/wp\/v2\/posts"}],"about":[{"href":"https:\/\/cofarco.com.ar\/ar\/wp-json\/wp\/v2\/types\/post"}],"author":[{"embeddable":true,"href":"https:\/\/cofarco.com.ar\/ar\/wp-json\/wp\/v2\/users\/2"}],"replies":[{"embeddable":true,"href":"https:\/\/cofarco.com.ar\/ar\/wp-json\/wp\/v2\/comments?post=24793"}],"version-history":[{"count":4,"href":"https:\/\/cofarco.com.ar\/ar\/wp-json\/wp\/v2\/posts\/24793\/revisions"}],"predecessor-version":[{"id":24807,"href":"https:\/\/cofarco.com.ar\/ar\/wp-json\/wp\/v2\/posts\/24793\/revisions\/24807"}],"wp:featuredmedia":[{"embeddable":true,"href":"https:\/\/cofarco.com.ar\/ar\/wp-json\/wp\/v2\/media\/24796"}],"wp:attachment":[{"href":"https:\/\/cofarco.com.ar\/ar\/wp-json\/wp\/v2\/media?parent=24793"}],"wp:term":[{"taxonomy":"category","embeddable":true,"href":"https:\/\/cofarco.com.ar\/ar\/wp-json\/wp\/v2\/categories?post=24793"},{"taxonomy":"post_tag","embeddable":true,"href":"https:\/\/cofarco.com.ar\/ar\/wp-json\/wp\/v2\/tags?post=24793"}],"curies":[{"name":"wp","href":"https:\/\/api.w.org\/{rel}","templated":true}]}}