{"id":2489,"date":"2019-03-27T16:46:21","date_gmt":"2019-03-27T19:46:21","guid":{"rendered":"http:\/\/cofarco.com.ar\/ar\/?p=2489"},"modified":"2019-03-27T16:46:21","modified_gmt":"2019-03-27T19:46:21","slug":"en-mayo-se-realizara-el-xo-congreso-panamericano-de-esterilizacion","status":"publish","type":"post","link":"https:\/\/cofarco.com.ar\/ar\/2019\/03\/27\/en-mayo-se-realizara-el-xo-congreso-panamericano-de-esterilizacion\/","title":{"rendered":"En mayo se realizar\u00e1 el X\u00ba Congreso Panamericano de Esterilizaci\u00f3n"},"content":{"rendered":"<p>La Fundaci\u00f3n para el Desarrollo de la Esterilizaci\u00f3n en Argentina invita a participar del X\u00ba Congreso Panamericano de Esterilizaci\u00f3n y 7\u00ba Congreso Argentino, que se realizar\u00e1 desde el 28 y hasta el 31 de Mayo en el Centro de Exposiciones y Convenciones de Ciudad de Buenos Aires. Beca disponible para inscripci\u00f3n.<\/p>\n<p>Con un fuerte \u00e9nfasis en la generaci\u00f3n y el fortalecimiento de lazos entre colegas, que permita una amplia colaboraci\u00f3n t\u00e9cnica y empresarial, \u00e9ste encuentro busca compartir conocimientos y mejores pr\u00e1cticas, a trav\u00e9s conferencias, intercambio de informaci\u00f3n trabajos e investigaciones.<\/p>\n<p>Este Congreso, re\u00fana e integre a los principales referentes de la industria, t\u00e9cnicos, farmac\u00e9uticos y directivos, generando contenido de calidad y obteniendo como resultado un importante valor agregado para la especialidad.<\/p>\n<p>TEMA: &#8220;Esterilizaci\u00f3n como pilar de la atenci\u00f3n sanitaria de calidad y prestigio&#8221;<\/p>\n<p>Ejes tem\u00e1ticos:<\/p>\n<ul>\n<li>Infecci\u00f3n en la atenci\u00f3n de salud en tiempos del \u201cOne Health\u201d<\/li>\n<\/ul>\n<p>\u2666 Infecci\u00f3n intrahospitalaria<\/p>\n<p>\u2666 Brotes, pseudobrotes y epidemiolog\u00eda<\/p>\n<ul>\n<li>La esterilizaci\u00f3n en el nuevo milenio<\/li>\n<\/ul>\n<p>\u2666 Esterilizaci\u00f3n, Arquitectura y seguridad<\/p>\n<p>\u2666 Los servicios de esterilizaci\u00f3n externos &#8211; los \u201cPros y Contras<\/p>\n<p>\u2666 Esterilizaci\u00f3n en Odontolog\u00eda<\/p>\n<p>\u2666 Equipamientos e insumos en la central de Esterilizaci\u00f3n<\/p>\n<ul>\n<li>Certificaci\u00f3n ISO 9001 ISO 13485<\/li>\n<\/ul>\n<p>\u2666 El paradigma de la Trazabilidad total<\/p>\n<p>\u2666 Implicancias legales relacionadas con la Central de Esterilizaci\u00f3n<\/p>\n<p>\u2666 Certificaci\u00f3n ISO 9001 a comparar con la ISO 13485<\/p>\n<ul>\n<li>Desaf\u00edos de los nuevos productos m\u00e9dicos<\/li>\n<\/ul>\n<p>\u2666 Nuevos productos m\u00e9dicos<\/p>\n<p>\u2666 Esterilizaci\u00f3n a bajas temperaturas<\/p>\n<p>\u2666 Esterilizaci\u00f3n por Radiaciones<\/p>\n<ul>\n<li>Asegurando los l\u00edmites de lo limpio<\/li>\n<\/ul>\n<p>\u2666 Reprocesamiento de endoscopios flexibles<\/p>\n<p>\u2666 Di\u00e1lisis<\/p>\n<p>\u2666 Desinfecci\u00f3n e higiene hospitalaria<\/p>\n<ul>\n<li>Recurso humano para las centrales de Esterilizaci\u00f3n en las Am\u00e9ricas<\/li>\n<\/ul>\n<p>\u2666 Programas de Formaci\u00f3n de Recursos Humanos (mesa redonda)<\/p>\n<p>\u2666 C\u00f3mo estimar los requerimientos de personal<\/p>\n<p>INSCRIPCI\u00d3N Y VALORES EN\u00a0http:\/\/www.fudesa.org.ar\/panamericano-esterilizacion-2019\/inscripcion\/<\/p>\n<p>&nbsp;<\/p>\n","protected":false},"excerpt":{"rendered":"<p>La Fundaci\u00f3n para el Desarrollo de la Esterilizaci\u00f3n en Argentina invita a participar del X\u00ba Congreso Panamericano de Esterilizaci\u00f3n y 7\u00ba Congreso Argentino, que se realizar\u00e1 desde el 28 y hasta el 31 de Mayo en el Centro de Exposiciones y Convenciones de Ciudad de Buenos Aires. Beca disponible para inscripci\u00f3n. Con un fuerte \u00e9nfasis [&#8230;]\n","protected":false},"author":2,"featured_media":0,"comment_status":"open","ping_status":"open","sticky":false,"template":"","format":"standard","meta":{"footnotes":""},"categories":[68],"tags":[],"class_list":["post-2489","post","type-post","status-publish","format-standard","hentry","category-cursos"],"_links":{"self":[{"href":"https:\/\/cofarco.com.ar\/ar\/wp-json\/wp\/v2\/posts\/2489","targetHints":{"allow":["GET"]}}],"collection":[{"href":"https:\/\/cofarco.com.ar\/ar\/wp-json\/wp\/v2\/posts"}],"about":[{"href":"https:\/\/cofarco.com.ar\/ar\/wp-json\/wp\/v2\/types\/post"}],"author":[{"embeddable":true,"href":"https:\/\/cofarco.com.ar\/ar\/wp-json\/wp\/v2\/users\/2"}],"replies":[{"embeddable":true,"href":"https:\/\/cofarco.com.ar\/ar\/wp-json\/wp\/v2\/comments?post=2489"}],"version-history":[{"count":1,"href":"https:\/\/cofarco.com.ar\/ar\/wp-json\/wp\/v2\/posts\/2489\/revisions"}],"predecessor-version":[{"id":2491,"href":"https:\/\/cofarco.com.ar\/ar\/wp-json\/wp\/v2\/posts\/2489\/revisions\/2491"}],"wp:attachment":[{"href":"https:\/\/cofarco.com.ar\/ar\/wp-json\/wp\/v2\/media?parent=2489"}],"wp:term":[{"taxonomy":"category","embeddable":true,"href":"https:\/\/cofarco.com.ar\/ar\/wp-json\/wp\/v2\/categories?post=2489"},{"taxonomy":"post_tag","embeddable":true,"href":"https:\/\/cofarco.com.ar\/ar\/wp-json\/wp\/v2\/tags?post=2489"}],"curies":[{"name":"wp","href":"https:\/\/api.w.org\/{rel}","templated":true}]}}