{"id":2522,"date":"2019-04-03T16:20:58","date_gmt":"2019-04-03T19:20:58","guid":{"rendered":"http:\/\/cofarco.com.ar\/ar\/?p=2522"},"modified":"2019-04-03T16:20:58","modified_gmt":"2019-04-03T19:20:58","slug":"el-cumpleanos-431o-de-nuestra-ciudad","status":"publish","type":"post","link":"https:\/\/cofarco.com.ar\/ar\/2019\/04\/03\/el-cumpleanos-431o-de-nuestra-ciudad\/","title":{"rendered":"El cumplea\u00f1os 431\u00ba de nuestra ciudad"},"content":{"rendered":"<p>La Ciudad de Corrientes fue fundada por el Adelantado Juan Torres de Vera y Arag\u00f3n con el auxilio de Alonso de Vera y Arag\u00f3n, llamado el Tup\u00ed, y Hernando Arias de Saavedra; Hernandarias; el 3 de Abril de 1588.<\/p>\n<p>\u00a1Feliz cumplea\u00f1os a nuestra querida ciudad!<\/p>\n<p><img fetchpriority=\"high\" decoding=\"async\" class=\"alignnone size-medium wp-image-2523\" src=\"https:\/\/cofarco.com.ar\/ar\/wp-content\/uploads\/2019\/04\/bc4aa488-a523-48bd-af9c-ee12b27b0cfc-400x400.jpg\" alt=\"\" width=\"400\" height=\"400\" \/><\/p>\n","protected":false},"excerpt":{"rendered":"<p>La Ciudad de Corrientes fue fundada por el Adelantado Juan Torres de Vera y Arag\u00f3n con el auxilio de Alonso de Vera y Arag\u00f3n, llamado el Tup\u00ed, y Hernando Arias de Saavedra; Hernandarias; el 3 de Abril de 1588. \u00a1Feliz cumplea\u00f1os a nuestra querida ciudad!<\/p>\n","protected":false},"author":2,"featured_media":0,"comment_status":"open","ping_status":"open","sticky":false,"template":"","format":"standard","meta":{"footnotes":""},"categories":[71],"tags":[],"class_list":["post-2522","post","type-post","status-publish","format-standard","hentry","category-noticias"],"_links":{"self":[{"href":"https:\/\/cofarco.com.ar\/ar\/wp-json\/wp\/v2\/posts\/2522","targetHints":{"allow":["GET"]}}],"collection":[{"href":"https:\/\/cofarco.com.ar\/ar\/wp-json\/wp\/v2\/posts"}],"about":[{"href":"https:\/\/cofarco.com.ar\/ar\/wp-json\/wp\/v2\/types\/post"}],"author":[{"embeddable":true,"href":"https:\/\/cofarco.com.ar\/ar\/wp-json\/wp\/v2\/users\/2"}],"replies":[{"embeddable":true,"href":"https:\/\/cofarco.com.ar\/ar\/wp-json\/wp\/v2\/comments?post=2522"}],"version-history":[{"count":1,"href":"https:\/\/cofarco.com.ar\/ar\/wp-json\/wp\/v2\/posts\/2522\/revisions"}],"predecessor-version":[{"id":2524,"href":"https:\/\/cofarco.com.ar\/ar\/wp-json\/wp\/v2\/posts\/2522\/revisions\/2524"}],"wp:attachment":[{"href":"https:\/\/cofarco.com.ar\/ar\/wp-json\/wp\/v2\/media?parent=2522"}],"wp:term":[{"taxonomy":"category","embeddable":true,"href":"https:\/\/cofarco.com.ar\/ar\/wp-json\/wp\/v2\/categories?post=2522"},{"taxonomy":"post_tag","embeddable":true,"href":"https:\/\/cofarco.com.ar\/ar\/wp-json\/wp\/v2\/tags?post=2522"}],"curies":[{"name":"wp","href":"https:\/\/api.w.org\/{rel}","templated":true}]}}