{"id":2547,"date":"2019-04-11T07:49:18","date_gmt":"2019-04-11T10:49:18","guid":{"rendered":"http:\/\/cofarco.com.ar\/ar\/?p=2547"},"modified":"2019-04-11T07:49:18","modified_gmt":"2019-04-11T10:49:18","slug":"diplomatura-farmacia-oncologica-ano-2019-modulo-iii-y-iv","status":"publish","type":"post","link":"https:\/\/cofarco.com.ar\/ar\/2019\/04\/11\/diplomatura-farmacia-oncologica-ano-2019-modulo-iii-y-iv\/","title":{"rendered":"Diplomatura farmacia Oncol\u00f3gica A\u00f1o 2019. M\u00f3dulo III y IV"},"content":{"rendered":"<p>El 6 de mayo inicia el Modulo III \u201cFarmacia Oncol\u00f3gica aplicada al c\u00e1ncer de \u00fatero y Cuidados Paliativos\u201d- Curso a distancia ON LINE.\u00a0 Para inscribirse al m\u00f3dulo III, es condici\u00f3n haber participado y aprobados los m\u00f3dulo I y II en el a\u00f1o 2018, \u00a0sin excepci\u00f3n.<\/p>\n<p>S\u00f3lo al completar la diplomatura se extiende el certificado correspondiente.<\/p>\n<p>La modalidad comprende metodolog\u00eda e-learning, material de estudio, foros, casos cl\u00ednicos, tutor\u00edas y evaluaciones parciales y evaluaci\u00f3n final integradora on-line.<\/p>\n<p><strong>Contenidos tem\u00e1ticos:<\/strong>\u00a0C\u00e1ncer cervical o de cuello uterino, asociaci\u00f3n causal. S\u00edntomas. Evoluci\u00f3n de la enfermedad. Prevenci\u00f3n y factores de riesgo. Ex\u00e1menes selectivos de detecci\u00f3n. Diagn\u00f3stico y tratamiento.Asesoramiento del farmac\u00e9utico en el uso adecuado de los medicamentos prescriptos en pacientes con c\u00e1ncer de cuello uterino y seguimiento en el cumplimiento de los esquemas terap\u00e9uticos instaurados.<\/p>\n<p><strong>Cuidados Paliativos:<\/strong> definici\u00f3n y objetivos. Barreras para la accesibilidad e imperativos \u00e9ticos. Caracter\u00edsticas del modelo de atenci\u00f3n. Necesidad de comunicaci\u00f3n del enfermo y su familia. Contenci\u00f3n al grupo familiar. Tratamiento del dolor. El farmac\u00e9utico como integrante del equipo de profesionales de cuidados paliativos. Seguimiento del paciente. Contralor de los medicamentos y preparados.<\/p>\n<p>Cierre de inscripci\u00f3n: \u00a02 de mayo\u00a0 de 2019<\/p>\n<p>Valor: $ 4.800<\/p>\n\n<div class=\"gde-error\">GDE Error: La URL solicitada no es v\u00e1lida<\/div>\nDirecci\u00f3n, Coordinaci\u00f3n y Tutor\u00edas: Prof. Dras. Laura Bengochea y Ester Filinger<\/p>\n<p>Organiza: Confederaci\u00f3n Farmac\u00e9utica Argentina.<\/p>\n","protected":false},"excerpt":{"rendered":"<p>El 6 de mayo inicia el Modulo III \u201cFarmacia Oncol\u00f3gica aplicada al c\u00e1ncer de \u00fatero y Cuidados Paliativos\u201d- Curso a distancia ON LINE.\u00a0 Para inscribirse al m\u00f3dulo III, es condici\u00f3n haber participado y aprobados los m\u00f3dulo I y II en el a\u00f1o 2018, \u00a0sin excepci\u00f3n. S\u00f3lo al completar la diplomatura se extiende el certificado correspondiente. [&#8230;]\n","protected":false},"author":2,"featured_media":0,"comment_status":"open","ping_status":"open","sticky":false,"template":"","format":"standard","meta":{"footnotes":""},"categories":[68],"tags":[],"class_list":["post-2547","post","type-post","status-publish","format-standard","hentry","category-cursos"],"_links":{"self":[{"href":"https:\/\/cofarco.com.ar\/ar\/wp-json\/wp\/v2\/posts\/2547","targetHints":{"allow":["GET"]}}],"collection":[{"href":"https:\/\/cofarco.com.ar\/ar\/wp-json\/wp\/v2\/posts"}],"about":[{"href":"https:\/\/cofarco.com.ar\/ar\/wp-json\/wp\/v2\/types\/post"}],"author":[{"embeddable":true,"href":"https:\/\/cofarco.com.ar\/ar\/wp-json\/wp\/v2\/users\/2"}],"replies":[{"embeddable":true,"href":"https:\/\/cofarco.com.ar\/ar\/wp-json\/wp\/v2\/comments?post=2547"}],"version-history":[{"count":1,"href":"https:\/\/cofarco.com.ar\/ar\/wp-json\/wp\/v2\/posts\/2547\/revisions"}],"predecessor-version":[{"id":2550,"href":"https:\/\/cofarco.com.ar\/ar\/wp-json\/wp\/v2\/posts\/2547\/revisions\/2550"}],"wp:attachment":[{"href":"https:\/\/cofarco.com.ar\/ar\/wp-json\/wp\/v2\/media?parent=2547"}],"wp:term":[{"taxonomy":"category","embeddable":true,"href":"https:\/\/cofarco.com.ar\/ar\/wp-json\/wp\/v2\/categories?post=2547"},{"taxonomy":"post_tag","embeddable":true,"href":"https:\/\/cofarco.com.ar\/ar\/wp-json\/wp\/v2\/tags?post=2547"}],"curies":[{"name":"wp","href":"https:\/\/api.w.org\/{rel}","templated":true}]}}