{"id":2580,"date":"2019-04-15T09:36:52","date_gmt":"2019-04-15T12:36:52","guid":{"rendered":"http:\/\/cofarco.com.ar\/ar\/?p=2580"},"modified":"2019-06-03T12:26:18","modified_gmt":"2019-06-03T15:26:18","slug":"curso-de-farmacologia-pediatrica-en-corrientes","status":"publish","type":"post","link":"https:\/\/cofarco.com.ar\/ar\/2019\/04\/15\/curso-de-farmacologia-pediatrica-en-corrientes\/","title":{"rendered":"Con una importante convocatoria se realiz\u00f3 el Curso de Farmacolog\u00eda Pedi\u00e1trica"},"content":{"rendered":"<p>Unos 50 farmac\u00e9uticos de Corrientes y Chaco participaron del Curso sobre &#8220;Farmacolog\u00eda Pedi\u00e1trica&#8221; que organiz\u00f3 e<span style=\"font-size: 14.4px;\">l Colegio de Farmac\u00e9uticos de la Provincia de Corrientes (COFARCO). La capacitaci\u00f3n, que se realiz\u00f3 en el sal\u00f3n de usos m\u00faltiples de entidad, tuvo como disertante a<\/span><span style=\"font-size: 14.4px;\">\u00a0la doctora y farmac\u00e9utica Mar\u00eda Nilda Rodr\u00edguez.\u00a0<\/span><\/p>\n<p>El objetivo de esta instancia de formaci\u00f3n fue ense\u00f1ar las distintas patolog\u00edas pedi\u00e1tricas y los medicamentos m\u00e1s indicados actualmente para sus respectivos tratamientos, con una parte te\u00f3rica, un taller y evaluaci\u00f3n final, que implicaron la participaci\u00f3n activa de los asistentes.<\/p>\n<p>Una vez finalizado el \u00faltimo tema, se realiz\u00f3 un taller con diferentes casos cl\u00ednicos de dispensaci\u00f3n de grupos farmacol\u00f3gicos que se resolvieron en equipos. Finalmente, \u00a0se tom\u00f3 un examen sobre los temas vistos y discutidos en clase.<\/p>\n<p>La disertante es farmac\u00e9utica, doctora y Jefa de la Unidad Farmacia del Hospital de Rehabilitaci\u00f3n Respiratoria \u201cMar\u00eda Ferrer\u201d (CABA).<\/p>\n<p><img fetchpriority=\"high\" decoding=\"async\" class=\"alignnone size-medium wp-image-2850\" src=\"https:\/\/cofarco.com.ar\/ar\/wp-content\/uploads\/2019\/04\/Curso-4-533x400.jpg\" alt=\"\" width=\"533\" height=\"400\" \/> <img decoding=\"async\" class=\"alignnone size-medium wp-image-2851\" src=\"https:\/\/cofarco.com.ar\/ar\/wp-content\/uploads\/2019\/04\/Curso-533x400.jpg\" alt=\"\" width=\"533\" height=\"400\" \/> <img decoding=\"async\" class=\"alignnone size-medium wp-image-2852\" src=\"https:\/\/cofarco.com.ar\/ar\/wp-content\/uploads\/2019\/04\/Curso2-533x400.jpg\" alt=\"\" width=\"533\" height=\"400\" \/> <img loading=\"lazy\" decoding=\"async\" class=\"alignnone size-medium wp-image-2853\" src=\"https:\/\/cofarco.com.ar\/ar\/wp-content\/uploads\/2019\/04\/Curso3-533x400.jpg\" alt=\"\" width=\"533\" height=\"400\" \/> <img loading=\"lazy\" decoding=\"async\" class=\"alignnone size-medium wp-image-2854\" src=\"https:\/\/cofarco.com.ar\/ar\/wp-content\/uploads\/2019\/04\/Curso4-533x400.jpg\" alt=\"\" width=\"533\" height=\"400\" \/> <img loading=\"lazy\" decoding=\"async\" class=\"alignnone size-medium wp-image-2855\" src=\"https:\/\/cofarco.com.ar\/ar\/wp-content\/uploads\/2019\/04\/Curso5-533x400.jpg\" alt=\"\" width=\"533\" height=\"400\" \/> <img loading=\"lazy\" decoding=\"async\" class=\"alignnone size-medium wp-image-2856\" src=\"https:\/\/cofarco.com.ar\/ar\/wp-content\/uploads\/2019\/04\/curso6-300x400.jpg\" alt=\"\" width=\"300\" height=\"400\" \/><\/p>\n<p>&nbsp;<\/p>\n<p>&nbsp;<\/p>\n","protected":false},"excerpt":{"rendered":"<p>Unos 50 farmac\u00e9uticos de Corrientes y Chaco participaron del Curso sobre &#8220;Farmacolog\u00eda Pedi\u00e1trica&#8221; que organiz\u00f3 el Colegio de Farmac\u00e9uticos de la Provincia de Corrientes (COFARCO). La capacitaci\u00f3n, que se realiz\u00f3 en el sal\u00f3n de usos m\u00faltiples de entidad, tuvo como disertante a\u00a0la doctora y farmac\u00e9utica Mar\u00eda Nilda Rodr\u00edguez.\u00a0 El objetivo de esta instancia de formaci\u00f3n [&#8230;]\n","protected":false},"author":2,"featured_media":0,"comment_status":"open","ping_status":"open","sticky":false,"template":"","format":"standard","meta":{"footnotes":""},"categories":[68],"tags":[],"class_list":["post-2580","post","type-post","status-publish","format-standard","hentry","category-cursos"],"_links":{"self":[{"href":"https:\/\/cofarco.com.ar\/ar\/wp-json\/wp\/v2\/posts\/2580","targetHints":{"allow":["GET"]}}],"collection":[{"href":"https:\/\/cofarco.com.ar\/ar\/wp-json\/wp\/v2\/posts"}],"about":[{"href":"https:\/\/cofarco.com.ar\/ar\/wp-json\/wp\/v2\/types\/post"}],"author":[{"embeddable":true,"href":"https:\/\/cofarco.com.ar\/ar\/wp-json\/wp\/v2\/users\/2"}],"replies":[{"embeddable":true,"href":"https:\/\/cofarco.com.ar\/ar\/wp-json\/wp\/v2\/comments?post=2580"}],"version-history":[{"count":7,"href":"https:\/\/cofarco.com.ar\/ar\/wp-json\/wp\/v2\/posts\/2580\/revisions"}],"predecessor-version":[{"id":2859,"href":"https:\/\/cofarco.com.ar\/ar\/wp-json\/wp\/v2\/posts\/2580\/revisions\/2859"}],"wp:attachment":[{"href":"https:\/\/cofarco.com.ar\/ar\/wp-json\/wp\/v2\/media?parent=2580"}],"wp:term":[{"taxonomy":"category","embeddable":true,"href":"https:\/\/cofarco.com.ar\/ar\/wp-json\/wp\/v2\/categories?post=2580"},{"taxonomy":"post_tag","embeddable":true,"href":"https:\/\/cofarco.com.ar\/ar\/wp-json\/wp\/v2\/tags?post=2580"}],"curies":[{"name":"wp","href":"https:\/\/api.w.org\/{rel}","templated":true}]}}