{"id":2619,"date":"2019-04-23T15:54:18","date_gmt":"2019-04-23T18:54:18","guid":{"rendered":"http:\/\/cofarco.com.ar\/ar\/?p=2619"},"modified":"2019-04-23T15:54:18","modified_gmt":"2019-04-23T18:54:18","slug":"juegos-farmaceuticos-nacionales-cuatro-medallas-de-oro-para-la-delegacion-correntina","status":"publish","type":"post","link":"https:\/\/cofarco.com.ar\/ar\/2019\/04\/23\/juegos-farmaceuticos-nacionales-cuatro-medallas-de-oro-para-la-delegacion-correntina\/","title":{"rendered":"Juegos Farmac\u00e9uticos Nacionales: Cuatro medallas de oro para la delegaci\u00f3n correntina"},"content":{"rendered":"<p>A trav\u00e9s del Colegio de Farmac\u00e9uticos de Corrientes, una importante delegaci\u00f3n de farmac\u00e9uticos correntinos particip\u00f3 de la XXIV Edici\u00f3n de los Juegos Deportivos Farmac\u00e9uticos Nacionales que este a\u00f1o se realiz\u00f3 en Pinamar entre el 30 de marzo y el 1\u00b0 de abril. Por su notable desempe\u00f1o, cuatro profesionales obtuvieron el m\u00e1ximo reconocimiento durante las competencias.<br \/>\nLos farmac\u00e9uticos premiados fueron:<br \/>\n<strong>Medallas de Oro<\/strong><br \/>\nCarrera 60 metros (Diana Grilli)<br \/>\nSalto en largo (Diana Grilli)<br \/>\nGolf (Luis Alberto Gunther)<br \/>\nPaddle Mixto (Ricardo Peris)<\/p>\n<p><strong>Medallas de Plata<\/strong><br \/>\nMarat\u00f3n (Flavia Brezik)<br \/>\nSalto en largo (Flavia Brezik)<br \/>\nTruco (Rius Augusto y Ezequiel Mart\u00ednez)<\/p>\n<p><strong>Medallas de Bronce<\/strong><br \/>\nLanzamiento de bala (Flavia Brezik y Ag\u00fcero Norma)<br \/>\nMarat\u00f3n (Rodr\u00edguez Graciela Bronce)<br \/>\nEl encuentro se realiza todos los a\u00f1os en distintas provincias argentinas y convoca a los farmac\u00e9uticos del todo el pa\u00eds a compartir y competir en diferentes disciplinas.<br \/>\n\u00a1La pr\u00f3xima edici\u00f3n tendr\u00e1 como sede la ciudad de Corrientes!<\/p>\n<p><img fetchpriority=\"high\" decoding=\"async\" class=\"alignnone size-medium wp-image-2620\" src=\"https:\/\/cofarco.com.ar\/ar\/wp-content\/uploads\/2019\/04\/cofaer6-300x400.jpg\" alt=\"\" width=\"300\" height=\"400\" \/> <img decoding=\"async\" class=\"alignnone size-medium wp-image-2621\" src=\"https:\/\/cofarco.com.ar\/ar\/wp-content\/uploads\/2019\/04\/cofar-300x400.jpg\" alt=\"\" width=\"300\" height=\"400\" \/> <img decoding=\"async\" class=\"alignnone size-medium wp-image-2622\" src=\"https:\/\/cofarco.com.ar\/ar\/wp-content\/uploads\/2019\/04\/Cofarco-300x400.jpg\" alt=\"\" width=\"300\" height=\"400\" \/> <img loading=\"lazy\" decoding=\"async\" class=\"alignnone size-medium wp-image-2623\" src=\"https:\/\/cofarco.com.ar\/ar\/wp-content\/uploads\/2019\/04\/Cofarco1-533x400.jpg\" alt=\"\" width=\"533\" height=\"400\" \/> <img loading=\"lazy\" decoding=\"async\" class=\"alignnone size-medium wp-image-2624\" src=\"https:\/\/cofarco.com.ar\/ar\/wp-content\/uploads\/2019\/04\/Cofarco2-710x400.jpg\" alt=\"\" width=\"710\" height=\"400\" \/> <img loading=\"lazy\" decoding=\"async\" class=\"alignnone size-medium wp-image-2625\" src=\"https:\/\/cofarco.com.ar\/ar\/wp-content\/uploads\/2019\/04\/cofarco5-710x400.jpg\" alt=\"\" width=\"710\" height=\"400\" \/> <img loading=\"lazy\" decoding=\"async\" class=\"alignnone size-medium wp-image-2626\" src=\"https:\/\/cofarco.com.ar\/ar\/wp-content\/uploads\/2019\/04\/Cofarcoprincipal-533x400.jpg\" alt=\"\" width=\"533\" height=\"400\" \/> <img loading=\"lazy\" decoding=\"async\" class=\"alignnone size-medium wp-image-2627\" src=\"https:\/\/cofarco.com.ar\/ar\/wp-content\/uploads\/2019\/04\/cprffa-533x400.jpg\" alt=\"\" width=\"533\" height=\"400\" \/><\/p>\n","protected":false},"excerpt":{"rendered":"<p>A trav\u00e9s del Colegio de Farmac\u00e9uticos de Corrientes, una importante delegaci\u00f3n de farmac\u00e9uticos correntinos particip\u00f3 de la XXIV Edici\u00f3n de los Juegos Deportivos Farmac\u00e9uticos Nacionales que este a\u00f1o se realiz\u00f3 en Pinamar entre el 30 de marzo y el 1\u00b0 de abril. Por su notable desempe\u00f1o, cuatro profesionales obtuvieron el m\u00e1ximo reconocimiento durante las competencias. [&#8230;]\n","protected":false},"author":2,"featured_media":0,"comment_status":"open","ping_status":"open","sticky":false,"template":"","format":"standard","meta":{"footnotes":""},"categories":[71],"tags":[],"class_list":["post-2619","post","type-post","status-publish","format-standard","hentry","category-noticias"],"_links":{"self":[{"href":"https:\/\/cofarco.com.ar\/ar\/wp-json\/wp\/v2\/posts\/2619","targetHints":{"allow":["GET"]}}],"collection":[{"href":"https:\/\/cofarco.com.ar\/ar\/wp-json\/wp\/v2\/posts"}],"about":[{"href":"https:\/\/cofarco.com.ar\/ar\/wp-json\/wp\/v2\/types\/post"}],"author":[{"embeddable":true,"href":"https:\/\/cofarco.com.ar\/ar\/wp-json\/wp\/v2\/users\/2"}],"replies":[{"embeddable":true,"href":"https:\/\/cofarco.com.ar\/ar\/wp-json\/wp\/v2\/comments?post=2619"}],"version-history":[{"count":1,"href":"https:\/\/cofarco.com.ar\/ar\/wp-json\/wp\/v2\/posts\/2619\/revisions"}],"predecessor-version":[{"id":2628,"href":"https:\/\/cofarco.com.ar\/ar\/wp-json\/wp\/v2\/posts\/2619\/revisions\/2628"}],"wp:attachment":[{"href":"https:\/\/cofarco.com.ar\/ar\/wp-json\/wp\/v2\/media?parent=2619"}],"wp:term":[{"taxonomy":"category","embeddable":true,"href":"https:\/\/cofarco.com.ar\/ar\/wp-json\/wp\/v2\/categories?post=2619"},{"taxonomy":"post_tag","embeddable":true,"href":"https:\/\/cofarco.com.ar\/ar\/wp-json\/wp\/v2\/tags?post=2619"}],"curies":[{"name":"wp","href":"https:\/\/api.w.org\/{rel}","templated":true}]}}