{"id":2639,"date":"2019-04-24T08:30:07","date_gmt":"2019-04-24T11:30:07","guid":{"rendered":"http:\/\/cofarco.com.ar\/ar\/?p=2639"},"modified":"2019-04-24T08:30:07","modified_gmt":"2019-04-24T11:30:07","slug":"congreso-argentino-de-quemaduras-corrientes-2019","status":"publish","type":"post","link":"https:\/\/cofarco.com.ar\/ar\/2019\/04\/24\/congreso-argentino-de-quemaduras-corrientes-2019\/","title":{"rendered":"Congreso Argentino de Quemaduras \u2013 Corrientes 2019"},"content":{"rendered":"<p>El pr\u00f3ximo Congreso de Quemaduras en su XVIII edici\u00f3n tendr\u00e1 como sede la ciudad de Corrientes, los d\u00edas 11, 12 y 13 de Septiembre de 2019, en el Turismo Hotel Casino. Durante el encuentro se desarrollar\u00e1n importantes temas sobre la problem\u00e1tica en la atenci\u00f3n del paciente quemado en cada regi\u00f3n del pa\u00eds, actualizaciones y avances en los tratamientos cl\u00ednicos y quir\u00fargicos, Rehabilitaci\u00f3n Kin\u00e9sica, Instrumentaci\u00f3n quir\u00fargica, Psicolog\u00eda, a trav\u00e9s de mesas redondas, conferencias, talleres y workshops.<\/p>\n<p>Los temas que se abordar\u00e1n ser\u00e1n: Escenarios de v\u00edctimas m\u00faltiples, Atenci\u00f3n prehospitalaria e inicial: Respuesta y organizaci\u00f3n, \u00a0Instrucci\u00f3n b\u00e1sica multidisciplinaria para primeros respondedores, \u00a0An\u00e1lisis de escenarios reales, \u00a0Injuria inhalatoria y manejo de la v\u00eda a\u00e9rea quemada, El problema de la sobrehidrataci\u00f3n en el ni\u00f1o con quemaduras, Actualizaci\u00f3n en &#8220;sustitutos cut\u00e1neos&#8221; en el paciente quemado, Impresi\u00f3n cut\u00e1nea 3D, \u00a0Impacto emocional en equipos intervinientes en siniestros, y \u00a0Din\u00e1mica de trabajo en centros de alta complejidad.<\/p>\n<p><strong><u>Contacto<\/u><\/strong><\/p>\n<p><strong>\u00a0Secretar\u00eda Comercial y Preinscripciones<\/strong><\/p>\n<p>Sra. Pilar Ponce de Le\u00f3n<\/p>\n<p>E-mail: pilarponcedeleon.ppl@gmail.com<\/p>\n<p>Tel\/Fax: (54 11) 4567-4481 \/ 4639-4820<\/p>\n<p><strong>Consultas generales y por Trabajos Libres y\/o para Premio<\/strong><\/p>\n<p>Secratar\u00eda del Comit\u00e9 Cient\u00edfico<\/p>\n<p>E-mail: congresoaaq@gmail.com<\/p>\n<p><img fetchpriority=\"high\" decoding=\"async\" class=\"alignnone size-medium wp-image-2640\" src=\"https:\/\/cofarco.com.ar\/ar\/wp-content\/uploads\/2019\/04\/Quemaduras-216x400.jpg\" alt=\"\" width=\"216\" height=\"400\" \/><\/p>\n","protected":false},"excerpt":{"rendered":"<p>El pr\u00f3ximo Congreso de Quemaduras en su XVIII edici\u00f3n tendr\u00e1 como sede la ciudad de Corrientes, los d\u00edas 11, 12 y 13 de Septiembre de 2019, en el Turismo Hotel Casino. Durante el encuentro se desarrollar\u00e1n importantes temas sobre la problem\u00e1tica en la atenci\u00f3n del paciente quemado en cada regi\u00f3n del pa\u00eds, actualizaciones y avances [&#8230;]\n","protected":false},"author":2,"featured_media":0,"comment_status":"open","ping_status":"open","sticky":false,"template":"","format":"standard","meta":{"footnotes":""},"categories":[68],"tags":[],"class_list":["post-2639","post","type-post","status-publish","format-standard","hentry","category-cursos"],"_links":{"self":[{"href":"https:\/\/cofarco.com.ar\/ar\/wp-json\/wp\/v2\/posts\/2639","targetHints":{"allow":["GET"]}}],"collection":[{"href":"https:\/\/cofarco.com.ar\/ar\/wp-json\/wp\/v2\/posts"}],"about":[{"href":"https:\/\/cofarco.com.ar\/ar\/wp-json\/wp\/v2\/types\/post"}],"author":[{"embeddable":true,"href":"https:\/\/cofarco.com.ar\/ar\/wp-json\/wp\/v2\/users\/2"}],"replies":[{"embeddable":true,"href":"https:\/\/cofarco.com.ar\/ar\/wp-json\/wp\/v2\/comments?post=2639"}],"version-history":[{"count":1,"href":"https:\/\/cofarco.com.ar\/ar\/wp-json\/wp\/v2\/posts\/2639\/revisions"}],"predecessor-version":[{"id":2641,"href":"https:\/\/cofarco.com.ar\/ar\/wp-json\/wp\/v2\/posts\/2639\/revisions\/2641"}],"wp:attachment":[{"href":"https:\/\/cofarco.com.ar\/ar\/wp-json\/wp\/v2\/media?parent=2639"}],"wp:term":[{"taxonomy":"category","embeddable":true,"href":"https:\/\/cofarco.com.ar\/ar\/wp-json\/wp\/v2\/categories?post=2639"},{"taxonomy":"post_tag","embeddable":true,"href":"https:\/\/cofarco.com.ar\/ar\/wp-json\/wp\/v2\/tags?post=2639"}],"curies":[{"name":"wp","href":"https:\/\/api.w.org\/{rel}","templated":true}]}}