{"id":2718,"date":"2019-05-10T08:40:53","date_gmt":"2019-05-10T11:40:53","guid":{"rendered":"http:\/\/cofarco.com.ar\/ar\/?p=2718"},"modified":"2019-05-10T08:40:53","modified_gmt":"2019-05-10T11:40:53","slug":"2o-congreso-de-preparaciones-en-farmacia-07-08-de-junio-la-plata","status":"publish","type":"post","link":"https:\/\/cofarco.com.ar\/ar\/2019\/05\/10\/2o-congreso-de-preparaciones-en-farmacia-07-08-de-junio-la-plata\/","title":{"rendered":"2\u00ba Congreso de Preparaciones en Farmacia &#8211; 07\/08 DE JUNIO (LA PLATA)"},"content":{"rendered":"<p>Se encuentra abierta la inscripci\u00f3n para el Segundo Congreso de Preparaci\u00f3n en Farmacia que se realizar\u00e1 los d\u00edas 7 y 8 de junio, en La Plata.<br \/>\n* Costo de la inscripci\u00f3n $ 3.800.-<br \/>\n\u2747 Colegas NO MATRICULADOS en el CFPBA:<br \/>\n<a href=\"http:\/\/bit.ly\/InscripcionNoMatriculados\" data-auth=\"NotApplicable\">http:\/\/bit.ly\/InscripcionNoMatriculados<\/a><\/p>\n<p>\u2733 ESTUDIANTES:\u00a0<a href=\"http:\/\/bit.ly\/InscripEstudiantes\" data-auth=\"NotApplicable\">http:\/\/bit.ly\/InscripEstudiantes<\/a><\/p>\n<p>&#8211; Los interesados en alojarse en el Hotel sede del Congreso deben escribir a\u00a0congresopf@colfarma.org.ar.<\/p>\n<p>&#8211; Est\u00e1 prevista la premiaci\u00f3n de tres trabajos. Los\u00a0\u00a0autores de los posters preseleccionados participar\u00e1n de un simposio\u00a0\u00a0para realizar la defensa del trabajo.<br \/>\nSe sugiere preparar una presentaci\u00f3n en Power Point como apoyo. De\u00a0\u00a0esta instancia surgir\u00e1n los premiados.<\/p>\n<p>\u25b6 Reglamento para presentar posters al Congreso aqu\u00ed:<br \/>\n<a href=\"http:\/\/www.colfarma.info\/colfarma\/reglamento2docongreso\/\" data-auth=\"NotApplicable\">http:\/\/www.colfarma.info\/colfarma\/reglamento2docongreso\/<\/a><\/p>\n<p>\u25b6 Ver el Programa del Congreso haciendo clic aqu\u00ed:<br \/>\n<a href=\"http:\/\/www.colfarma.info\/colfarma\/programa2docongresobppf\/\" data-auth=\"NotApplicable\">http:\/\/www.colfarma.info\/colfarma\/programa2docongresobppf\/<\/a><\/p>\n<p>OTROS HOTELES SUGERIDOS:<br \/>\nHotel del Sol<br \/>\n<a href=\"http:\/\/www.hoteldelsol-laplata.com.ar\/\" data-auth=\"NotApplicable\">http:\/\/www.hoteldelsol-laplata.com.ar\/<\/a><\/p>\n<p>Hotel San Marco La Plata<br \/>\n<a href=\"http:\/\/www.sanmarcohotel.com.ar\/\" data-auth=\"NotApplicable\">http:\/\/www.sanmarcohotel.com.ar\/<\/a><\/p>\n<p>Cabe aclarar que estos hoteles son sugeridos teniendo en cuenta la\u00a0\u00a0cercan\u00eda con el Hotel del Evento.<br \/>\nSin otro particular, saludamos a ustedes atentamente.-<\/p>\n<p><img fetchpriority=\"high\" decoding=\"async\" class=\"alignnone size-medium wp-image-2719\" src=\"https:\/\/cofarco.com.ar\/ar\/wp-content\/uploads\/2019\/05\/Congreso-318x400.png\" alt=\"\" width=\"318\" height=\"400\" \/> <img decoding=\"async\" class=\"alignnone size-medium wp-image-2720\" src=\"https:\/\/cofarco.com.ar\/ar\/wp-content\/uploads\/2019\/05\/congreso2-288x400.png\" alt=\"\" width=\"288\" height=\"400\" \/><\/p>\n","protected":false},"excerpt":{"rendered":"<p>Se encuentra abierta la inscripci\u00f3n para el Segundo Congreso de Preparaci\u00f3n en Farmacia que se realizar\u00e1 los d\u00edas 7 y 8 de junio, en La Plata. * Costo de la inscripci\u00f3n $ 3.800.- \u2747 Colegas NO MATRICULADOS en el CFPBA: http:\/\/bit.ly\/InscripcionNoMatriculados \u2733 ESTUDIANTES:\u00a0http:\/\/bit.ly\/InscripEstudiantes &#8211; Los interesados en alojarse en el Hotel sede del Congreso deben [&#8230;]\n","protected":false},"author":2,"featured_media":0,"comment_status":"open","ping_status":"open","sticky":false,"template":"","format":"standard","meta":{"footnotes":""},"categories":[68],"tags":[],"class_list":["post-2718","post","type-post","status-publish","format-standard","hentry","category-cursos"],"_links":{"self":[{"href":"https:\/\/cofarco.com.ar\/ar\/wp-json\/wp\/v2\/posts\/2718","targetHints":{"allow":["GET"]}}],"collection":[{"href":"https:\/\/cofarco.com.ar\/ar\/wp-json\/wp\/v2\/posts"}],"about":[{"href":"https:\/\/cofarco.com.ar\/ar\/wp-json\/wp\/v2\/types\/post"}],"author":[{"embeddable":true,"href":"https:\/\/cofarco.com.ar\/ar\/wp-json\/wp\/v2\/users\/2"}],"replies":[{"embeddable":true,"href":"https:\/\/cofarco.com.ar\/ar\/wp-json\/wp\/v2\/comments?post=2718"}],"version-history":[{"count":1,"href":"https:\/\/cofarco.com.ar\/ar\/wp-json\/wp\/v2\/posts\/2718\/revisions"}],"predecessor-version":[{"id":2721,"href":"https:\/\/cofarco.com.ar\/ar\/wp-json\/wp\/v2\/posts\/2718\/revisions\/2721"}],"wp:attachment":[{"href":"https:\/\/cofarco.com.ar\/ar\/wp-json\/wp\/v2\/media?parent=2718"}],"wp:term":[{"taxonomy":"category","embeddable":true,"href":"https:\/\/cofarco.com.ar\/ar\/wp-json\/wp\/v2\/categories?post=2718"},{"taxonomy":"post_tag","embeddable":true,"href":"https:\/\/cofarco.com.ar\/ar\/wp-json\/wp\/v2\/tags?post=2718"}],"curies":[{"name":"wp","href":"https:\/\/api.w.org\/{rel}","templated":true}]}}